{"id":639047,"date":"2026-01-03T21:03:13","date_gmt":"2026-01-03T21:03:13","guid":{"rendered":"https:\/\/www.europesays.com\/fr\/639047\/"},"modified":"2026-01-03T21:03:13","modified_gmt":"2026-01-03T21:03:13","slug":"direct-top-14-bordeaux-begles-racing-92-suivez-le-match-de-la-14eme-journee","status":"publish","type":"post","link":"https:\/\/www.europesays.com\/fr\/639047\/","title":{"rendered":"Direct. Top 14 \u2013 Bordeaux-B\u00e8gles \u2013 Racing 92\u00a0: suivez le match de la 14\u00e8me journ\u00e9e"},"content":{"rendered":"<p>\n                Bonjour et bienvenue sur Rugbyrama pour suivre le direct comment\u00e9 de la rencontre qui oppose l\u2019Union Bordeaux-B\u00e8gles et le Racing 92 pour el compte de la 14\u00e8me journ\u00e9e de Top 14.\n            <\/p>\n<p>Cinqui\u00e8mes au classement, les Bordelais ont besoin de points pour tenter de monter un peu plus haut dans le classement.<\/p>\n<p>De son c\u00f4t\u00e9, le Racing 92 a des arguments \u00e0 faire valoir et voudra tenter le coup sur la pelouse de Chaban-Delmas.<\/p>\n<p>M.\u00a0Rousselet est l\u2019arbitre de cette rencontre.<\/p>\n","protected":false},"excerpt":{"rendered":"Bonjour et bienvenue sur Rugbyrama pour suivre le direct comment\u00e9 de la rencontre qui oppose l\u2019Union Bordeaux-B\u00e8gles et&hellip;\n","protected":false},"author":2,"featured_media":639048,"comment_status":"","ping_status":"","sticky":false,"template":"","format":"standard","meta":{"footnotes":""},"categories":[2817],"tags":[1111,11,1997,1777,674,1011,27,12,2219,25,68796,478],"class_list":{"0":"post-639047","1":"post","2":"type-post","3":"status-publish","4":"format-standard","5":"has-post-thumbnail","7":"category-bordeaux","8":"tag-actu","9":"tag-actualites","10":"tag-bordeaux","11":"tag-eu","12":"tag-europe","13":"tag-fr","14":"tag-france","15":"tag-news","16":"tag-nouvelle-aquitaine","17":"tag-republique-francaise","18":"tag-rugby-u00e0-xv","19":"tag-top-14"},"share_on_mastodon":{"url":"https:\/\/pubeurope.com\/@fr\/115833196033664357","error":""},"_links":{"self":[{"href":"https:\/\/www.europesays.com\/fr\/wp-json\/wp\/v2\/posts\/639047","targetHints":{"allow":["GET"]}}],"collection":[{"href":"https:\/\/www.europesays.com\/fr\/wp-json\/wp\/v2\/posts"}],"about":[{"href":"https:\/\/www.europesays.com\/fr\/wp-json\/wp\/v2\/types\/post"}],"author":[{"embeddable":true,"href":"https:\/\/www.europesays.com\/fr\/wp-json\/wp\/v2\/users\/2"}],"replies":[{"embeddable":true,"href":"https:\/\/www.europesays.com\/fr\/wp-json\/wp\/v2\/comments?post=639047"}],"version-history":[{"count":0,"href":"https:\/\/www.europesays.com\/fr\/wp-json\/wp\/v2\/posts\/639047\/revisions"}],"wp:featuredmedia":[{"embeddable":true,"href":"https:\/\/www.europesays.com\/fr\/wp-json\/wp\/v2\/media\/639048"}],"wp:attachment":[{"href":"https:\/\/www.europesays.com\/fr\/wp-json\/wp\/v2\/media?parent=639047"}],"wp:term":[{"taxonomy":"category","embeddable":true,"href":"https:\/\/www.europesays.com\/fr\/wp-json\/wp\/v2\/categories?post=639047"},{"taxonomy":"post_tag","embeddable":true,"href":"https:\/\/www.europesays.com\/fr\/wp-json\/wp\/v2\/tags?post=639047"}],"curies":[{"name":"wp","href":"https:\/\/api.w.org\/{rel}","templated":true}]}}