{"id":639053,"date":"2026-01-03T21:06:11","date_gmt":"2026-01-03T21:06:11","guid":{"rendered":"https:\/\/www.europesays.com\/fr\/639053\/"},"modified":"2026-01-03T21:06:11","modified_gmt":"2026-01-03T21:06:11","slug":"redecouvrez-ce-conte-cruel-de-perrault-dans-une-adaptation-musicale-immersive-jouee-en-region-apres-lille","status":"publish","type":"post","link":"https:\/\/www.europesays.com\/fr\/639053\/","title":{"rendered":"Red\u00e9couvrez ce conte cruel de Perrault dans une adaptation musicale immersive, jou\u00e9e en r\u00e9gion apr\u00e8s Lille"},"content":{"rendered":"<p>                    Par<br \/>\n        <strong><br \/>\n            <a href=\"https:\/\/actu.fr\/auteur\/annesophie-2\" title=\"Consulter tous les articles de Anne-Sophie Hourdeaux\" target=\"_blank\" rel=\"noopener\">Anne-Sophie Hourdeaux<\/a><br \/>\n                    <\/strong><\/p>\n<p>        Publi\u00e9 le<\/p>\n<p>            3 janv. 2026 \u00e0 16h05        <\/p>\n<p>Le majestueux et impressionnant <b>Op\u00e9ra de <a href=\"https:\/\/actu.fr\/lille\/\" target=\"_blank\" rel=\"noopener\">Lille<\/a><\/b> (Nord), dont beaucoup h\u00e9sitent \u00e0 franchir les portes, s\u2019externalise. Il offre des repr\u00e9sentations partout dans la r\u00e9gion. <b>Du 8\u00a0janvier au 10\u00a0f\u00e9vrier 2026<\/b>, dans<b> 12 lieux<\/b> des <a href=\"https:\/\/actu.fr\/hauts-de-france\/\" target=\"_blank\" rel=\"noopener\">Hauts-de-France<\/a><b>, <\/b>se donne un <b>spectacle immersif<\/b>. Un petit op\u00e9ra (1\u2009h\u200915) dont la musique est \u00e9crite par B\u00e9la Bart\u00f3k (le seul op\u00e9ra du compositeur hongrois).<b> <\/b>Il met en musique une histoire mondialement connue. Le <b>conte cruel de Perrault <\/b>qui confronte <b>Barbe bleue le f\u00e9minicide<\/b> et sa derni\u00e8re \u00e9pouse, appel\u00e9e ici Judith, devant le myst\u00e8re des portes ferm\u00e9es.<\/p>\n<p>Monstre ou homme mourant de solitude\u2009?<\/p>\n<p class=\" wall-content\">Chaque armoire, chaque porte ouverte, d\u00e9bouche sur\u2026 rien. La prise de conscience de la solitude. Confidences rapport\u00e9es par celles et ceux qui n\u2019ont vu personne de la journ\u00e9e\u2009; qui n\u2019ont pas de visites m\u00eames des plus proches, personnes \u00e2g\u00e9es qui ne recevront aucun coup de t\u00e9l\u00e9phone pour les f\u00eates\u2026<\/p>\n<p class=\" wall-content\">Les \u00ab\u2009sons de la solitude\u2009\u00bb, le sous-titre de l\u2019op\u00e9ra, sont ceux qui sortent de chacune des armoires. Et si Barbe-Bleue, loin d\u2019\u00eatre un monstre sanguinaire, n\u2019\u00e9tait qu\u2019un pauvre homme mourant de sa solitude\u2009? Et si son ch\u00e2teau, comme le logis de tant de nos contemporains, \u00e9tait \u00e0 la fois un lieu protecteur, et en m\u00eame temps une prison\u2009: un lieu d\u2019enfermement\u2009?<\/p>\n<p class=\" wall-content\">Judith, l\u2019amoureuse de Barbe Bleue qui a tout quitt\u00e9 pour le suivre, tente de le forcer \u00e0 ouvrir les portes et les fen\u00eatres sur le monde en lui arrachant les clefs, l\u2019une apr\u00e8s l\u2019autre.<\/p>\n<p class=\" wall-content\">Un bref op\u00e9ra qui ne fait pas l\u2019impasse de la magie sans cesse renouvel\u00e9e des voix qui s\u2019\u00e9l\u00e8vent \u00e0 c\u00f4t\u00e9 des spectateurs. D\u2019entendre des solistes si semblables \u00e0 nous-m\u00eames, et qui pourtant, chantant ici dans nos oreilles, laissent partir des sons qui semblent irr\u00e9els.<\/p>\n<p>O\u00f9 et quand ?<\/p>\n<p>\u00c0 Santes, espace Agora, jeudi 8\u00a0janvier, \u00e0 20 h ; \u00e0 P\u00e9ronne-en-M\u00e9lantois, salle des f\u00eates\u00a0samedi 10\u00a0janvier \u00e0 19 h ; \u00e0 Roubaix, salle Watremez, vendredi 16\u00a0janvier ; \u00e0 Radinghem-en-Weppes, au p\u00f4le culturel Andr\u00e9 Malraux mardi 27 janvier \u00e0 20 h ; \u00e0 La chapelle d&rsquo;Armenti\u00e8res, espace Nelson Mandela, jeudi 29\u00a0janvier \u00e0 20 h ; \u00e0 Wattignies, centre culturel Robert Delafosse, samedi 31\u00a0janvier \u00e0 18 h ; \u00e0 Roncq, l&rsquo;Atrium, jeudi 5\u00a0f\u00e9vrier \u00e0 20 h. Gratuit (sauf Chapelle d&rsquo;Armenti\u00e8res 5\u00a0\u20ac) gr\u00e2ce au dispositif m\u00e9tropolitain des \u00ab belles sorties \u00bb.<br \/>&#13;<br \/>\nEt aussi, \u00e0 Desvres, salle Raymond Dufour, mercredi 14\u00a0janvier \u00e0 20 h ; \u00e0 Marquise, complexe Capoolco, dimanche 18\u00a0janvier \u00e0 17 h ; \u00e0 Estaires, salle Georges Ficheux, jeudi 22\u00a0janvier \u00e0 20 h ; \u00e0 Jeumont, gare num\u00e9rique, samedi 7\u00a0f\u00e9vrier \u00e0 19 h ; \u00e0 Beauvais, Th\u00e9\u00e2tre du Beauvaisis, mardi 10\u00a0f\u00e9vrier \u00e0 17 h. R\u00e9servations aupr\u00e8s de chacune des structures.<\/p>\n<p>Un op\u00e9ra immersif accessible \u00e0 tous<\/p>\n<p class=\" wall-content\">Dans une petite jauge (une centaine de personnes), est propos\u00e9e une exp\u00e9rience in\u00e9dite, sur un plateau d\u2019op\u00e9ra o\u00f9 il se trouve \u00e0 c\u00f4t\u00e9 de la soprano qui para\u00eet chanter pour lui. Qui permet aussi de regarder par dessus l\u2019\u00e9paule des musiciens, la mani\u00e8re dont ils suivent la partition. Autour d\u2019une toute petite formation musicale\u2009: deux chanteurs, une soprano et une basse\u2009; cinq musiciens pour quatre instruments, un violon, un violoncelle, une contrebasse et un piano pour quatre mains. On ne se lasse pas de regarder longuement les deux pianistes et voir leurs mains se croiser sur le clavier, sans aucune dysharmonie.<\/p>\n<p>Votre r\u00e9gion, votre actu !<\/p>\n<p>Recevez chaque jour les infos qui comptent pour vous.<\/p>\n<p>\t<a href=\"https:\/\/actu.fr\/newsletter\" class=\"ac-btn ac-btn--corner ac-btn--medium ac-btn--blue800\" target=\"_blank\" rel=\"noopener\">S&rsquo;incrire<\/a><\/p>\n<p class=\" wall-content\">Les spectateurs sont l\u00e0, non importuns. Le metteur en sc\u00e8ne, Jeffrey D\u00f6ring, les a autoris\u00e9s \u00e0 toucher les armoires, les costumes, le d\u00e9cor-ch\u00e2teau en plastique qui ne tarde pas \u00e0 \u00eatre d\u00e9moli. Pr\u00e9sents sur sc\u00e8ne, ils sont pri\u00e9s de ne pas prendre de pr\u00e9caution suppl\u00e9mentaire, les artistes devant se mouvoir au milieu d\u2019eux.<\/p>\n<p class=\" wall-content\"><b>Jean-Michel Stievenard<\/b><\/p>\n<p>Agenda complet, tarifs et r\u00e9servations disponibles en ligne <a href=\"https:\/\/www.opera-lille.fr\/spectacle\/le-chateau-de-barbe-bleue-les-sons-de-la-solitude\/\" target=\"_blank\" rel=\"noopener\">sur le site officiel de l\u2019Op\u00e9ra de Lille<\/a>.<\/p>\n<p class=\" wall-content\">Personnalisez votre actualit\u00e9 en ajoutant vos villes et m\u00e9dias en favori avec <a href=\"https:\/\/moncompte.actu.fr\" title=\"D\u00e9couvez Mon Actu\" rel=\"nofollow noopener\" data-trk=\"{&quot;cta&quot;:{&quot;action&quot;:&quot;https:\\\/\\\/moncompte.actu.fr&quot;,&quot;category&quot;:&quot;mon compte&quot;,&quot;from&quot;:&quot;article footer&quot;,&quot;name&quot;:&quot;Mon actu&quot;,&quot;type&quot;:&quot;cta&quot;}}\" target=\"_blank\">Mon Actu<\/a>.<\/p>\n","protected":false},"excerpt":{"rendered":"Par Anne-Sophie Hourdeaux Publi\u00e9 le 3 janv. 2026 \u00e0 16h05 Le majestueux et impressionnant Op\u00e9ra de Lille (Nord),&hellip;\n","protected":false},"author":2,"featured_media":639054,"comment_status":"","ping_status":"","sticky":false,"template":"","format":"standard","meta":{"footnotes":""},"categories":[2815],"tags":[1111,11,1777,674,1011,27,811,1307,1652,12,25],"class_list":{"0":"post-639053","1":"post","2":"type-post","3":"status-publish","4":"format-standard","5":"has-post-thumbnail","7":"category-lille","8":"tag-actu","9":"tag-actualites","10":"tag-eu","11":"tag-europe","12":"tag-fr","13":"tag-france","14":"tag-hauts-de-france","15":"tag-lille","16":"tag-loisirs-culture","17":"tag-news","18":"tag-republique-francaise"},"share_on_mastodon":{"url":"https:\/\/pubeurope.com\/@fr\/115833207726499495","error":""},"_links":{"self":[{"href":"https:\/\/www.europesays.com\/fr\/wp-json\/wp\/v2\/posts\/639053","targetHints":{"allow":["GET"]}}],"collection":[{"href":"https:\/\/www.europesays.com\/fr\/wp-json\/wp\/v2\/posts"}],"about":[{"href":"https:\/\/www.europesays.com\/fr\/wp-json\/wp\/v2\/types\/post"}],"author":[{"embeddable":true,"href":"https:\/\/www.europesays.com\/fr\/wp-json\/wp\/v2\/users\/2"}],"replies":[{"embeddable":true,"href":"https:\/\/www.europesays.com\/fr\/wp-json\/wp\/v2\/comments?post=639053"}],"version-history":[{"count":0,"href":"https:\/\/www.europesays.com\/fr\/wp-json\/wp\/v2\/posts\/639053\/revisions"}],"wp:featuredmedia":[{"embeddable":true,"href":"https:\/\/www.europesays.com\/fr\/wp-json\/wp\/v2\/media\/639054"}],"wp:attachment":[{"href":"https:\/\/www.europesays.com\/fr\/wp-json\/wp\/v2\/media?parent=639053"}],"wp:term":[{"taxonomy":"category","embeddable":true,"href":"https:\/\/www.europesays.com\/fr\/wp-json\/wp\/v2\/categories?post=639053"},{"taxonomy":"post_tag","embeddable":true,"href":"https:\/\/www.europesays.com\/fr\/wp-json\/wp\/v2\/tags?post=639053"}],"curies":[{"name":"wp","href":"https:\/\/api.w.org\/{rel}","templated":true}]}}