{"id":639055,"date":"2026-01-03T21:07:33","date_gmt":"2026-01-03T21:07:33","guid":{"rendered":"https:\/\/www.europesays.com\/fr\/639055\/"},"modified":"2026-01-03T21:07:33","modified_gmt":"2026-01-03T21:07:33","slug":"direct-ligue-1-en-superiorite-numerique-rennes-ne-trouve-pas-la-faille-contre-lille","status":"publish","type":"post","link":"https:\/\/www.europesays.com\/fr\/639055\/","title":{"rendered":"DIRECT &#8211; Ligue 1 : en sup\u00e9riorit\u00e9 num\u00e9rique, Rennes ne trouve pas la faille contre Lille"},"content":{"rendered":"<p> <img decoding=\"async\" src=\"https:\/\/www.europesays.com\/fr\/wp-content\/uploads\/2026\/01\/1767474452_162_1200x680.jpeg\" alt=\"illustration agrandir l'image\" style=\"--_image-preview:url('data:image\/jpeg;base64,\/9j\/2wBDACgcHiMeGSgjISMtKygwPGRBPDc3PHtYXUlkkYCZlo+AjIqgtObDoKrarYqMyP\/L2u71\/\/\/\/m8H\/\/\/\/6\/+b9\/\/j\/2wBDASstLTw1PHZBQXb4pYyl+Pj4+Pj4+Pj4+Pj4+Pj4+Pj4+Pj4+Pj4+Pj4+Pj4+Pj4+Pj4+Pj4+Pj4+Pj4+Pj4+Pj\/wAARCAAXACoDASIAAhEBAxEB\/8QAGAABAQEBAQAAAAAAAAAAAAAAAAMBAgT\/xAAYEAEBAQEBAAAAAAAAAAAAAAAAEhEBAv\/EABcBAQEBAQAAAAAAAAAAAAAAAAEAAwL\/xAAWEQEBAQAAAAAAAAAAAAAAAAAAERL\/2gAMAwEAAhEDEQA\/APPJKuEs9JOSVZMNSHfLJV7xzhoWbgMKm4zoOqXHpwBD\/9k=');\" loading=\"eager\" fetchpriority=\"high\" class=\"svelte-1cksh76 rounded\" onload=\"this.__e=event\" onerror=\"this.__e=event\"\/> Lilian Brassier et Valentin Rongier n&rsquo;ont pas trouv\u00e9 la faille en premi\u00e8re mi-temps contre Lille. \u00a9 AFP &#8211; Matthieu Mirville     <\/p>\n<p class=\"g-ici-body-regular-3 info svelte-r4l8dg\">Publi\u00e9 le samedi 3 janvier 2026 \u00e0 20:05 <\/p>\n<ul class=\"SocialNetworks svelte-oam7rq\">\n<li class=\"svelte-oam7rq\"><\/li>\n<li class=\"svelte-oam7rq\"><\/li>\n<li class=\"svelte-oam7rq\"><\/li>\n<li class=\"svelte-oam7rq\"><\/li>\n<li class=\"svelte-oam7rq\"><\/li>\n<\/ul>\n<p class=\"standfirst g-ici-body-bold-1 svelte-huxgbw\">En sup\u00e9riorit\u00e9 num\u00e9rique d\u00e8s la 13e minute, les Rennais n&rsquo;arrivent pas \u00e0 ouvrir le score contre le LOSC au stade Pierre-Mauroy, ce samedi soir, pour la 17e journ\u00e9e de Ligue 1. Suivez la deuxi\u00e8me p\u00e9riode sur ICI Armorique. <\/p>\n<p>Le Stade Rennais et le LOSC <strong>se quittent dos \u00e0 dos (0-0) \u00e0 la pause<\/strong> de ce match de la 17e journ\u00e9e de Ligue 1, samedi 3 d\u00e9cembre. Pourtant, les Rouge et Noir jouent en sup\u00e9riorit\u00e9 num\u00e9rique depuis la 13e minute apr\u00e8s l&rsquo;expulsion du d\u00e9fenseur Alexsandro, fautif d&rsquo;un mauvais contr\u00f4le. Breel Embolo r\u00e9cup\u00e8re ensuite le ballon mais est fauch\u00e9 par le Br\u00e9silien. En position de dernier d\u00e9fenseur, il est logiquement sanctionn\u00e9 d&rsquo;un carton rouge. Derri\u00e8re, la tension monte dans les trav\u00e9es de Pierre-Mauroy. Le speaker du LOSC est oblig\u00e9 de faire une annonce pour apaiser la situation <strong>suite \u00e0 des chants insultants et homophobes entendus.<\/strong> Sur le terrain, le Lillois Fernandez-Pardo est tout proche d&rsquo;ouvrir le score \u00e0 la 40e mais Brice Samba remporte son duel. Les Rennais vont devoir emballer le match en deuxi\u00e8me p\u00e9riode\u00a0! <strong>\u00c0 suivre sur ICI Armorique.<\/strong><\/p>\n<p>\u00c0 lire aussi   <img decoding=\"async\" src=\"https:\/\/www.europesays.com\/fr\/wp-content\/uploads\/2026\/01\/1767474453_850_400x400.jpeg\" alt=\"\" style=\"--_image-preview:url('data:image\/jpeg;base64,\/9j\/2wBDACgcHiMeGSgjISMtKygwPGRBPDc3PHtYXUlkkYCZlo+AjIqgtObDoKrarYqMyP\/L2u71\/\/\/\/m8H\/\/\/\/6\/+b9\/\/j\/2wBDASstLTw1PHZBQXb4pYyl+Pj4+Pj4+Pj4+Pj4+Pj4+Pj4+Pj4+Pj4+Pj4+Pj4+Pj4+Pj4+Pj4+Pj4+Pj4+Pj4+Pj\/wAARCAAXACoDASIAAhEBAxEB\/8QAGAAAAwEBAAAAAAAAAAAAAAAAAAECAwX\/xAAWEAEBAQAAAAAAAAAAAAAAAAAAARH\/xAAVAQEBAAAAAAAAAAAAAAAAAAABAP\/EABURAQEAAAAAAAAAAAAAAAAAAAAB\/9oADAMBAAIRAxEAPwDlYqQSKiJyCw4YTKxONKnCFHAATMAipqQEH\/\/Z');\" loading=\"lazy\" fetchpriority=\"low\" aria-hidden=\"true\" class=\"svelte-1cksh76 rounded\" onload=\"this.__e=event\" onerror=\"this.__e=event\"\/>Le match en direct sur ICI Armorique <\/p>\n<p>loading<\/p>\n<p>Le match, minute par minute <\/p>\n<p>loading<\/p>\n<p>Les r\u00e9sultats de la 17e journ\u00e9e <\/p>\n<p>loading<\/p>\n<p>Le classement <\/p>\n<p>loading<\/p>\n<ul class=\"SocialNetworks svelte-oam7rq\">\n<li class=\"svelte-oam7rq\"><\/li>\n<li class=\"svelte-oam7rq\"><\/li>\n<li class=\"svelte-oam7rq\"><\/li>\n<li class=\"svelte-oam7rq\"><\/li>\n<li class=\"svelte-oam7rq\"><\/li>\n<\/ul>\n","protected":false},"excerpt":{"rendered":"Lilian Brassier et Valentin Rongier n&rsquo;ont pas trouv\u00e9 la faille en premi\u00e8re mi-temps contre Lille. \u00a9 AFP &#8211;&hellip;\n","protected":false},"author":2,"featured_media":639056,"comment_status":"","ping_status":"","sticky":false,"template":"","format":"standard","meta":{"footnotes":""},"categories":[2815],"tags":[1111,11,1777,674,1011,27,811,1307,12,25],"class_list":{"0":"post-639055","1":"post","2":"type-post","3":"status-publish","4":"format-standard","5":"has-post-thumbnail","7":"category-lille","8":"tag-actu","9":"tag-actualites","10":"tag-eu","11":"tag-europe","12":"tag-fr","13":"tag-france","14":"tag-hauts-de-france","15":"tag-lille","16":"tag-news","17":"tag-republique-francaise"},"share_on_mastodon":{"url":"https:\/\/pubeurope.com\/@fr\/115833211725290940","error":""},"_links":{"self":[{"href":"https:\/\/www.europesays.com\/fr\/wp-json\/wp\/v2\/posts\/639055","targetHints":{"allow":["GET"]}}],"collection":[{"href":"https:\/\/www.europesays.com\/fr\/wp-json\/wp\/v2\/posts"}],"about":[{"href":"https:\/\/www.europesays.com\/fr\/wp-json\/wp\/v2\/types\/post"}],"author":[{"embeddable":true,"href":"https:\/\/www.europesays.com\/fr\/wp-json\/wp\/v2\/users\/2"}],"replies":[{"embeddable":true,"href":"https:\/\/www.europesays.com\/fr\/wp-json\/wp\/v2\/comments?post=639055"}],"version-history":[{"count":0,"href":"https:\/\/www.europesays.com\/fr\/wp-json\/wp\/v2\/posts\/639055\/revisions"}],"wp:featuredmedia":[{"embeddable":true,"href":"https:\/\/www.europesays.com\/fr\/wp-json\/wp\/v2\/media\/639056"}],"wp:attachment":[{"href":"https:\/\/www.europesays.com\/fr\/wp-json\/wp\/v2\/media?parent=639055"}],"wp:term":[{"taxonomy":"category","embeddable":true,"href":"https:\/\/www.europesays.com\/fr\/wp-json\/wp\/v2\/categories?post=639055"},{"taxonomy":"post_tag","embeddable":true,"href":"https:\/\/www.europesays.com\/fr\/wp-json\/wp\/v2\/tags?post=639055"}],"curies":[{"name":"wp","href":"https:\/\/api.w.org\/{rel}","templated":true}]}}