{"id":639061,"date":"2026-01-03T21:11:11","date_gmt":"2026-01-03T21:11:11","guid":{"rendered":"https:\/\/www.europesays.com\/fr\/639061\/"},"modified":"2026-01-03T21:11:11","modified_gmt":"2026-01-03T21:11:11","slug":"en-attendant-endrick-lyon-domine-monaco-grace-a-un-double-de-sulc","status":"publish","type":"post","link":"https:\/\/www.europesays.com\/fr\/639061\/","title":{"rendered":"en attendant Endrick, Lyon domine Monaco gr\u00e2ce \u00e0 un doubl\u00e9 de Sulc"},"content":{"rendered":"<p><strong>Monaco\u00a0&#8211; Lyon\u00a0: 1-3<\/strong><\/p>\n<p>La page\u00a02025 a beau avoir \u00e9t\u00e9, les dynamiques qu\u2019elle a initi\u00e9es \u00e0 son \u00e9pilogue n\u2019ont pas chang\u00e9 pour Monaco et Lyon en inauguration de la nouvelle ann\u00e9e. La victoire samedi des Rhodaniens sur la pelouse mon\u00e9gasque ne fait que renforcer les impressions que chacune des deux \u00e9quipes laissait entrevoir avant la tr\u00eave hivernale en championnat.<\/p>\n<p>Solide et en confiance \u00e0 d\u00e9faut d\u2019\u00eatre brillant, Lyon a fait le travail pour rester bien accroch\u00e9 au wagon de t\u00eate, que l\u2019\u00e9quipe de la Principaut\u00e9, en plein marasme, ne voit d\u00e9sormais plus que de tr\u00e8s loin. En attendant la qualification de l\u2019attaquant br\u00e9silien Endrick et peut-\u00eatre quelques autres renforts venus du mercato et de l\u2019infirmerie, Lyon a boucl\u00e9 la phase aller avec un bilan tr\u00e8s pr\u00e9sentable, alors qu\u2019il traversait cet \u00e9t\u00e9 une temp\u00eate financi\u00e8re qui sonna la <a target=\"_self\" href=\"https:\/\/www.lanouvellerepublique.fr\/sports\/ligue-1-john-textor-out-l-americaine-michele-kang-a-la-rescousse-de-lyon-1751280828\" rel=\"noopener\">fin de l\u2019\u00e8re John Textor<\/a>.<\/p>\n<p>\u00c0 Monaco en revanche, le tableau est sombre et l\u2019on ne voit pas bien d\u2019o\u00f9 pourrait venir la lumi\u00e8re, alors que les blessures continuent de s\u2019accumuler. Avec six d\u00e9faites (et une inattendue victoire face au PSG\u2026) lors des sept derni\u00e8res journ\u00e9es, c\u2019est peu dire que le bilan de S\u00e9bastien Pocognoli est insuffisant. Les places europ\u00e9ennes sont loin, le podium encore plus, et l\u2019avenir du technicien belge est incertain, forc\u00e9ment.<\/p>\n<p>Hradecky et Mawissa s\u2019ajoutent \u00e0 l\u2019infirmerie mon\u00e9gasque<\/p>\n<p>Mais il est vrai qu\u2019il n\u2019est pas aid\u00e9. Car samedi encore, le d\u00e9but de match a surtout \u00e9t\u00e9 marqu\u00e9 par la poursuite de l\u2019h\u00e9catombe qui touche son \u00e9quipe depuis le d\u00e9but de saison. D\u00e9j\u00e0 priv\u00e9, entre autres, de Paul Pogba, Vanderson, Ansu Fati ou Takumi Minamino, l\u2019ASM a ainsi perdu d\u00e8s la dixi\u00e8me minute son gardien Lukas Hradecky, touch\u00e9 \u00e0 un genou sur une sortie a\u00e9rienne, puis le d\u00e9fenseur Christian Mawissa \u00e0 la demi-heure de jeu.<\/p>\n<p>En face, Lyon \u00e9voluait sans v\u00e9ritable attaquant de pointe et c\u2019est l\u2019ailier Afonso Moreira qui a obtenu la meilleure occasion du d\u00e9but de match avec une frappe cadr\u00e9e au bout d\u2019un joli mouvement collectif (29e). Quelques minutes plus tard, l\u2019OL est pass\u00e9 devant gr\u00e2ce \u00e0 Pavel Sulc, buteur au deuxi\u00e8me poteau sur un corner bien frapp\u00e9 par Corentin Tolisso et habilement d\u00e9vi\u00e9 par Nicol\u00e1s Tagliafico (0-1, 38e).<\/p>\n<p>Apr\u00e8s le but du Tch\u00e8que, l\u2019OL a sembl\u00e9 contr\u00f4ler tranquillement la partie, mais Monaco est revenu gr\u00e2ce \u00e0 un but surprenant de Mamadou Coulibaly (1-1, 45e+\u00a04), qui a profit\u00e9 \u00e0 la fois du duel sans vainqueur entre Clinton Mata et Folarin Balogun et de la sortie sans conviction de Dominik Greif, pour glisser le ballon dans les filets.<\/p>\n<p>Monaco ne s\u2019en sortait donc pas si mal, mais la deuxi\u00e8me p\u00e9riode a \u00e9t\u00e9 \u00e0 peu pr\u00e8s exclusivement lyonnaise, m\u00eame si les locaux ont marqu\u00e9 un but par Balogun, refus\u00e9 pour une faute l\u00e9g\u00e8re sur Tolisso. Sulc ne s\u2019est pas fait prier pour doubler la mise avec son huiti\u00e8me but de la saison, d\u00e9j\u00e0, inscrit d\u2019une jolie frappe avec la b\u00e9n\u00e9diction d\u2019une d\u00e9fense mon\u00e9gasque passive (1-2, 57e).<\/p>\n<p>\u00c0 vingt minutes du terme, le buteur Coulibaly \u00e9tait exclu pour une faute horrible sur Tagliafico et, moins de dix minutes plus tard, Abner Vinicius confirmait le logique succ\u00e8s lyonnais apr\u00e8s un nouveau mouvement collectif abouti (1-3, 79e). Pour l\u2019OL, 2026 commence bien. Pour Monaco, c\u2019est d\u00e9j\u00e0 l\u2019urgence.<\/p>\n<p><strong>Mi-temps\u00a0:<\/strong> 1-1.<br \/><strong>Buts\u00a0:<\/strong> pour Monaco, Coulibaly (45e +\u00a04)\u00a0; pour Lyon, Sulc (38e, 57e), Abner Vinicius (79e).<br \/><strong>Avertissements\u00a0:<\/strong> \u00e0 Monaco, Kehrer (7e), Balogun (79e)\u00a0; \u00e0 Lyon, Mata (35e), Tolisso (70e), Kluivert (70e).<br \/><strong>Expulsion\u00a0:<\/strong> \u00e0 Monaco, Coulibaly (70e).<\/p>\n","protected":false},"excerpt":{"rendered":"Monaco\u00a0&#8211; Lyon\u00a0: 1-3 La page\u00a02025 a beau avoir \u00e9t\u00e9, les dynamiques qu\u2019elle a initi\u00e9es \u00e0 son \u00e9pilogue n\u2019ont&hellip;\n","protected":false},"author":2,"featured_media":639062,"comment_status":"","ping_status":"","sticky":false,"template":"","format":"standard","meta":{"footnotes":""},"categories":[1889],"tags":[1111,11,2430,1777,674,63,1011,27,66,2428,12,25,60],"class_list":{"0":"post-639061","1":"post","2":"type-post","3":"status-publish","4":"format-standard","5":"has-post-thumbnail","7":"category-lyon","8":"tag-actu","9":"tag-actualites","10":"tag-auvergne-rhone-alpes","11":"tag-eu","12":"tag-europe","13":"tag-football","14":"tag-fr","15":"tag-france","16":"tag-ligue-1","17":"tag-lyon","18":"tag-news","19":"tag-republique-francaise","20":"tag-sports"},"share_on_mastodon":{"url":"https:\/\/pubeurope.com\/@fr\/115833227367750348","error":""},"_links":{"self":[{"href":"https:\/\/www.europesays.com\/fr\/wp-json\/wp\/v2\/posts\/639061","targetHints":{"allow":["GET"]}}],"collection":[{"href":"https:\/\/www.europesays.com\/fr\/wp-json\/wp\/v2\/posts"}],"about":[{"href":"https:\/\/www.europesays.com\/fr\/wp-json\/wp\/v2\/types\/post"}],"author":[{"embeddable":true,"href":"https:\/\/www.europesays.com\/fr\/wp-json\/wp\/v2\/users\/2"}],"replies":[{"embeddable":true,"href":"https:\/\/www.europesays.com\/fr\/wp-json\/wp\/v2\/comments?post=639061"}],"version-history":[{"count":0,"href":"https:\/\/www.europesays.com\/fr\/wp-json\/wp\/v2\/posts\/639061\/revisions"}],"wp:featuredmedia":[{"embeddable":true,"href":"https:\/\/www.europesays.com\/fr\/wp-json\/wp\/v2\/media\/639062"}],"wp:attachment":[{"href":"https:\/\/www.europesays.com\/fr\/wp-json\/wp\/v2\/media?parent=639061"}],"wp:term":[{"taxonomy":"category","embeddable":true,"href":"https:\/\/www.europesays.com\/fr\/wp-json\/wp\/v2\/categories?post=639061"},{"taxonomy":"post_tag","embeddable":true,"href":"https:\/\/www.europesays.com\/fr\/wp-json\/wp\/v2\/tags?post=639061"}],"curies":[{"name":"wp","href":"https:\/\/api.w.org\/{rel}","templated":true}]}}