{"id":639069,"date":"2026-01-03T21:16:15","date_gmt":"2026-01-03T21:16:15","guid":{"rendered":"https:\/\/www.europesays.com\/fr\/639069\/"},"modified":"2026-01-03T21:16:15","modified_gmt":"2026-01-03T21:16:15","slug":"quatre-nouvelles-expos-des-espaces-spectaculaires-redecouvrez-le-grand-palais","status":"publish","type":"post","link":"https:\/\/www.europesays.com\/fr\/639069\/","title":{"rendered":"Quatre nouvelles expos, des espaces spectaculaires\u2026 Red\u00e9couvrez le Grand Palais"},"content":{"rendered":"<p class=\"paragraph text_align_left lp-f-body-02\">Un habitu\u00e9 de longue date ne reconna\u00eet pas du tout son <a href=\"https:\/\/www.leparisien.fr\/paris-75\/ca-va-etre-un-choc-comment-le-grand-palais-renove-sapprete-a-conquerir-le-grand-public-09-12-2024-KBSU67CIDVFTBH46G55GNMBRGY.php\" target=\"_self\" rel=\"noopener\">Grand Palais<\/a>. Il n\u2019est pas d\u00e9\u00e7u, il est \u00e9merveill\u00e9. Depuis la fin des Jeux olympiques de Paris 2024, et sa r\u00e9ouverture apr\u00e8s r\u00e9novation, on est \u00e0 chaque fois surpris car quand les travaux semblent enfin finis, on d\u00e9couvre \u00e0 chaque fois de nouveaux espaces, certains jamais vus auparavant par le public, ou d\u2019autres salles \u00e0 la finition enfin parfaite. L\u2019installation, mi-d\u00e9cembre, de quatre nouvelles expositions en m\u00eame temps, permet d\u2019en faire d\u00e9finitivement le tour.<\/p>\n","protected":false},"excerpt":{"rendered":"Un habitu\u00e9 de longue date ne reconna\u00eet pas du tout son Grand Palais. Il n\u2019est pas d\u00e9\u00e7u, il&hellip;\n","protected":false},"author":2,"featured_media":639070,"comment_status":"","ping_status":"","sticky":false,"template":"","format":"standard","meta":{"footnotes":""},"categories":[1888],"tags":[11,1687,1777,674,1349,1011,27,12,626,25],"class_list":{"0":"post-639069","1":"post","2":"type-post","3":"status-publish","4":"format-standard","5":"has-post-thumbnail","7":"category-paris","8":"tag-actualites","9":"tag-culture-loisirs","10":"tag-eu","11":"tag-europe","12":"tag-expositions","13":"tag-fr","14":"tag-france","15":"tag-news","16":"tag-paris","17":"tag-republique-francaise"},"share_on_mastodon":{"url":"https:\/\/pubeurope.com\/@fr\/115833247495949876","error":""},"_links":{"self":[{"href":"https:\/\/www.europesays.com\/fr\/wp-json\/wp\/v2\/posts\/639069","targetHints":{"allow":["GET"]}}],"collection":[{"href":"https:\/\/www.europesays.com\/fr\/wp-json\/wp\/v2\/posts"}],"about":[{"href":"https:\/\/www.europesays.com\/fr\/wp-json\/wp\/v2\/types\/post"}],"author":[{"embeddable":true,"href":"https:\/\/www.europesays.com\/fr\/wp-json\/wp\/v2\/users\/2"}],"replies":[{"embeddable":true,"href":"https:\/\/www.europesays.com\/fr\/wp-json\/wp\/v2\/comments?post=639069"}],"version-history":[{"count":0,"href":"https:\/\/www.europesays.com\/fr\/wp-json\/wp\/v2\/posts\/639069\/revisions"}],"wp:featuredmedia":[{"embeddable":true,"href":"https:\/\/www.europesays.com\/fr\/wp-json\/wp\/v2\/media\/639070"}],"wp:attachment":[{"href":"https:\/\/www.europesays.com\/fr\/wp-json\/wp\/v2\/media?parent=639069"}],"wp:term":[{"taxonomy":"category","embeddable":true,"href":"https:\/\/www.europesays.com\/fr\/wp-json\/wp\/v2\/categories?post=639069"},{"taxonomy":"post_tag","embeddable":true,"href":"https:\/\/www.europesays.com\/fr\/wp-json\/wp\/v2\/tags?post=639069"}],"curies":[{"name":"wp","href":"https:\/\/api.w.org\/{rel}","templated":true}]}}