{"id":639081,"date":"2026-01-03T21:22:15","date_gmt":"2026-01-03T21:22:15","guid":{"rendered":"https:\/\/www.europesays.com\/fr\/639081\/"},"modified":"2026-01-03T21:22:15","modified_gmt":"2026-01-03T21:22:15","slug":"mercato-des-touches-en-angleterre-et-en-allemagne-pour-nesta-elphege","status":"publish","type":"post","link":"https:\/\/www.europesays.com\/fr\/639081\/","title":{"rendered":"Mercato. Des touches en Angleterre et en Allemagne pour Nesta Elph\u00e8ge"},"content":{"rendered":"<p style=\"font-size:20px\"><strong>D\u2019apr\u00e8s les informations de Foot Mercato, l\u2019attaquant du GF38 Nesta Elph\u00e8ge, qui a franchi un cap cette saison, en se faisant sa petite place au sein de l\u2019attaque du GF38, \u00ab\u00a0serait pist\u00e9 en Angleterre mais aussi en Allemagne o\u00f9 plusieurs clubs sont int\u00e9ress\u00e9s par son profil\u00a0\u00bb.<\/strong><\/p>\n<p>Absolument rien d\u2019\u00e9tonnant \u00e0 ce qu\u2019un profil, encore jeune (24 ans) qui \u00ab\u00a0state\u00a0\u00bb (4 buts et 3 passes d\u00e9cisives, un gros % de duels a\u00e9riens gagn\u00e9s\u2026) ressortent et soit donc suivi avec int\u00e9r\u00eat. <\/p>\n","protected":false},"excerpt":{"rendered":"D\u2019apr\u00e8s les informations de Foot Mercato, l\u2019attaquant du GF38 Nesta Elph\u00e8ge, qui a franchi un cap cette saison,&hellip;\n","protected":false},"author":2,"featured_media":639082,"comment_status":"","ping_status":"","sticky":false,"template":"","format":"standard","meta":{"footnotes":""},"categories":[1587],"tags":[11,672,1804,1805,1803,1777,674,1801,12,1802],"class_list":{"0":"post-639081","1":"post","2":"type-post","3":"status-publish","4":"format-standard","5":"has-post-thumbnail","7":"category-allemagne","8":"tag-actualites","9":"tag-allemagne","10":"tag-bundesrepublik-deutschland","11":"tag-de","12":"tag-deutschland","13":"tag-eu","14":"tag-europe","15":"tag-germany","16":"tag-news","17":"tag-republique-federale-dallemagne"},"share_on_mastodon":{"url":"https:\/\/pubeurope.com\/@fr\/115833270679137724","error":""},"_links":{"self":[{"href":"https:\/\/www.europesays.com\/fr\/wp-json\/wp\/v2\/posts\/639081","targetHints":{"allow":["GET"]}}],"collection":[{"href":"https:\/\/www.europesays.com\/fr\/wp-json\/wp\/v2\/posts"}],"about":[{"href":"https:\/\/www.europesays.com\/fr\/wp-json\/wp\/v2\/types\/post"}],"author":[{"embeddable":true,"href":"https:\/\/www.europesays.com\/fr\/wp-json\/wp\/v2\/users\/2"}],"replies":[{"embeddable":true,"href":"https:\/\/www.europesays.com\/fr\/wp-json\/wp\/v2\/comments?post=639081"}],"version-history":[{"count":0,"href":"https:\/\/www.europesays.com\/fr\/wp-json\/wp\/v2\/posts\/639081\/revisions"}],"wp:featuredmedia":[{"embeddable":true,"href":"https:\/\/www.europesays.com\/fr\/wp-json\/wp\/v2\/media\/639082"}],"wp:attachment":[{"href":"https:\/\/www.europesays.com\/fr\/wp-json\/wp\/v2\/media?parent=639081"}],"wp:term":[{"taxonomy":"category","embeddable":true,"href":"https:\/\/www.europesays.com\/fr\/wp-json\/wp\/v2\/categories?post=639081"},{"taxonomy":"post_tag","embeddable":true,"href":"https:\/\/www.europesays.com\/fr\/wp-json\/wp\/v2\/tags?post=639081"}],"curies":[{"name":"wp","href":"https:\/\/api.w.org\/{rel}","templated":true}]}}