{"id":639085,"date":"2026-01-03T21:24:20","date_gmt":"2026-01-03T21:24:20","guid":{"rendered":"https:\/\/www.europesays.com\/fr\/639085\/"},"modified":"2026-01-03T21:24:20","modified_gmt":"2026-01-03T21:24:20","slug":"il-y-a-eu-la-brutalite-de-levenement-laurent-baffie-se-confie-sur-ce-matin-ou-il-a-appris-la-disparition-de-thierry-ardisson","status":"publish","type":"post","link":"https:\/\/www.europesays.com\/fr\/639085\/","title":{"rendered":"\u00ab\u00a0Il y a eu la brutalit\u00e9 de l\u2019\u00e9v\u00e9nement\u00a0\u00bb : Laurent Baffie se confie sur ce matin o\u00f9 il a appris la disparition de Thierry Ardisson"},"content":{"rendered":"<p>Un au revoir difficile. Le lundi 14 juillet 2025, Thierry Ardisson est d\u00e9c\u00e9d\u00e9 des suites d\u2019un cancer du foie. \u00c0 76 ans, celui qui a r\u00e9volutionn\u00e9 la t\u00e9l\u00e9vision fran\u00e7aise avec ses interviews cisel\u00e9es, son ton provocateur et ses \u00e9missions devenues cultes, <a href=\"https:\/\/www.voici.fr\/celebrites\/retro-2025-brigitte-bardot-emilie-dequenne-thierry-ardisson-robert-redford-ils-nous-ont-quittes-cette-annee-816573\" target=\"_blank\" rel=\"noopener\">a laiss\u00e9 un vide immense<\/a>. Pour ses fun\u00e9railles, <strong>l\u2019inimitable homme en noir avait tout pr\u00e9vu<\/strong>, \u00e0 commencer par son faire-part. \u00ab\u00a0Chers amis, chers ennemis, derniers bonsoirs\u00a0\u00bb, pouvait-on lire sur le document. <strong>De nombreuses personnalit\u00e9s de la t\u00e9l\u00e9vision ont fait le d\u00e9placement<\/strong>, \u00e0 Paris, pour lui rendre hommage.<\/p>\n<p>Laurent Baffie \u00e9mu en \u00e9voquant la disparition de Thierry Ardisson<\/p>\n<p>Ce samedi 3 janvier 2026, le portrait du magazine 50mn Inside \u00e9tait consacr\u00e9 \u00e0 Laurent Baffie. D\u00e8s le d\u00e9but de son entretien, le sniper de la t\u00e9l\u00e9vision a mis au parfum Isabelle Ithurburu. \u00ab\u00a0L\u2019ambiance de merde\u2026\u00a0\u00bb, a-t-il l\u00e2ch\u00e9, de son tact l\u00e9gendaire. Apr\u00e8s avoir \u00e9voqu\u00e9 sa carri\u00e8re, <a href=\"https:\/\/www.voici.fr\/celebrites\/obseques-de-thierry-ardisson-audrey-crespo-mara-et-ses-enfants-laurent-baffie-philippe-corti-tous-en-noir-pour-le-dernier-adieu-a-l-homme-en-noir-zaptv-808228\" target=\"_blank\" rel=\"noopener\">et son admiration pour ses enfants<\/a>, Laurent Baffie a \u00e9t\u00e9 interrog\u00e9 sur la disparition de Thierry Ardisson. Pour rappel, les deux complices de la t\u00e9l\u00e9vision <strong>ont partag\u00e9 de nombreuses \u00e9missions ensemble<\/strong>, formant un duo iconique du PAF. Comme en t\u00e9moigne la r\u00e9action de l\u2019humoriste en apprenant la disparition de l\u2019homme en noir\u00a0: <strong>\u00ab\u00a0ce n\u2019est pas une page qui se tourne, c\u2019est un mur porteur qui s\u2019effondre\u00a0\u00bb<\/strong>.<\/p>\n<p>Face \u00e0 Isabelle Ithurburu, Laurent Baffie n\u2019a pu cacher sa tristesse. \u00ab\u00a0Il y a eu la brutalit\u00e9 de l\u2019\u00e9v\u00e9nement, \u00e7a a \u00e9t\u00e9 trop vite.<strong> Thierry \u00e9tait malade depuis 13 ans<\/strong>, on le savait, on en parlait. Il n&rsquo;y avait pas plus d\u2019inqui\u00e9tude que \u00e7a, juste \u00e0 surveiller\u00a0\u00bb, a racont\u00e9 l\u2019humoriste qui cartonne d\u00e9sormais <a href=\"https:\/\/www.voici.fr\/television\/laurent-baffie-ce-jour-ou-il-s-est-fait-arreter-par-la-police-avec-jean-marie-bigard-808917\" target=\"_blank\" rel=\"noopener\">sur les r\u00e9seaux sociaux avec ses c\u00e9l\u00e8bres cam\u00e9ras cach\u00e9es.<\/a> \u00ab\u00a0Jusqu\u2019au jour o\u00f9 je me l\u00e8ve un matin avec un texto de sa femme, Audrey. \u2018Thierry va partir\u2019\u00a0\u00bb, a-t-il poursuivi. <strong>\u00ab\u00a0\u00c7a a \u00e9t\u00e9 tr\u00e8s brutal\u00a0\u00bb,<\/strong> a conclu Thierry Ardisson.<\/p>\n<p>Laurent Baffie a-t-il fait de la chirurgie esth\u00e9tique\u00a0?<\/p>\n<p>\u00c0 l\u2019occasion de son portrait dans 50mn Inside, Laurent Baffie a \u00e9t\u00e9 interrog\u00e9 sur la chirurgie esth\u00e9tique. \u00ab\u00a0Je perdais mes cheveux. Je me suis ras\u00e9 une fois pour voir. <strong>Et je n\u2019avais pas la gueule de <\/strong><a href=\"https:\/\/www.voici.fr\/bios-people\/bruce-willis\" data-link-people=\"0f2fe9d9-646a-4fbd-9b88-8dfc569e7790\" target=\"_blank\" rel=\"noopener\"><strong>Bruce Willis<\/strong><\/a><strong>\u00ab\u00a0<\/strong>, a-t-il racont\u00e9 \u00e0 Isabelle Ithurburu. \u00ab\u00a0J\u2019avais une t\u00eate de con, donc j\u2019ai fait des implants. Je suis tr\u00e8s tr\u00e8s douillet. J\u2019ai dit tiens, anesth\u00e9sie g\u00e9n\u00e9rale, <strong>faites aussi les valises sous les yeux\u00a0\u00bb<\/strong>, a rappel\u00e9 Laurent Baffie. Comme \u00e0 son habitude, l\u2019ancien complice de l\u2019homme en noir a souhait\u00e9 avec une touche d\u2019humour, \u00e0 sa mani\u00e8re\u00a0! \u00ab\u00a0Il y avait aussi le blanchiment de l\u2019anus, mais j\u2019ai craqu\u00e9 au bout de deux s\u00e9ances\u00a0\u00bb, a-t-il plaisant\u00e9.<\/p>\n","protected":false},"excerpt":{"rendered":"Un au revoir difficile. Le lundi 14 juillet 2025, Thierry Ardisson est d\u00e9c\u00e9d\u00e9 des suites d\u2019un cancer du&hellip;\n","protected":false},"author":2,"featured_media":639086,"comment_status":"","ping_status":"","sticky":false,"template":"","format":"standard","meta":{"footnotes":""},"categories":[1586],"tags":[4544,11,26966,9260,1777,674,1779,1011,27,6975,7547,12,25,10058,26964,1778,364],"class_list":{"0":"post-639085","1":"post","2":"type-post","3":"status-publish","4":"format-standard","5":"has-post-thumbnail","7":"category-europe","8":"tag-50-minutes-inside","9":"tag-actualites","10":"tag-chirurgie-esthu00e9tique","11":"tag-confidences","12":"tag-eu","13":"tag-europe","14":"tag-european-union","15":"tag-fr","16":"tag-france","17":"tag-isabelle-ithurburu","18":"tag-laurent-baffie","19":"tag-news","20":"tag-republique-francaise","21":"tag-thierry-ardisson","22":"tag-tu00e9lu00e9vision","23":"tag-ue","24":"tag-union-europeenne"},"share_on_mastodon":{"url":"https:\/\/pubeurope.com\/@fr\/115833278567337831","error":""},"_links":{"self":[{"href":"https:\/\/www.europesays.com\/fr\/wp-json\/wp\/v2\/posts\/639085","targetHints":{"allow":["GET"]}}],"collection":[{"href":"https:\/\/www.europesays.com\/fr\/wp-json\/wp\/v2\/posts"}],"about":[{"href":"https:\/\/www.europesays.com\/fr\/wp-json\/wp\/v2\/types\/post"}],"author":[{"embeddable":true,"href":"https:\/\/www.europesays.com\/fr\/wp-json\/wp\/v2\/users\/2"}],"replies":[{"embeddable":true,"href":"https:\/\/www.europesays.com\/fr\/wp-json\/wp\/v2\/comments?post=639085"}],"version-history":[{"count":0,"href":"https:\/\/www.europesays.com\/fr\/wp-json\/wp\/v2\/posts\/639085\/revisions"}],"wp:featuredmedia":[{"embeddable":true,"href":"https:\/\/www.europesays.com\/fr\/wp-json\/wp\/v2\/media\/639086"}],"wp:attachment":[{"href":"https:\/\/www.europesays.com\/fr\/wp-json\/wp\/v2\/media?parent=639085"}],"wp:term":[{"taxonomy":"category","embeddable":true,"href":"https:\/\/www.europesays.com\/fr\/wp-json\/wp\/v2\/categories?post=639085"},{"taxonomy":"post_tag","embeddable":true,"href":"https:\/\/www.europesays.com\/fr\/wp-json\/wp\/v2\/tags?post=639085"}],"curies":[{"name":"wp","href":"https:\/\/api.w.org\/{rel}","templated":true}]}}