{"id":639095,"date":"2026-01-03T21:31:12","date_gmt":"2026-01-03T21:31:12","guid":{"rendered":"https:\/\/www.europesays.com\/fr\/639095\/"},"modified":"2026-01-03T21:31:12","modified_gmt":"2026-01-03T21:31:12","slug":"tennis-je-prefere-revenir-a-100-que-trop-tot-arthur-fils-declare-forfait-a-lopen-daustralie-et-repousse-son-retour-france-info","status":"publish","type":"post","link":"https:\/\/www.europesays.com\/fr\/639095\/","title":{"rendered":"Tennis : &quot;Je pr\u00e9f\u00e8re revenir \u00e0 100% que trop t\u00f4t&quot;&#8230; Arthur Fils d\u00e9clare forfait \u00e0 l&#039;Open d&#039;Australie et repousse son retour &#8211; France Info"},"content":{"rendered":"<ol>\n<li><a href=\"https:\/\/news.google.com\/rss\/articles\/CBMi_gFBVV95cUxNeHhTN2hyWXVRSDZCalpoMkJzWDdLdDJJeXhqVXRVSUFlZHhxWU5PdFprV1AtbWRLTk5tbWZva1dROUJKYWxWSXVWVGNiX2gwa1VMX1VlNUdYdHczYU9JNzdoMlYxeTMwQVM1S3FuZE1XT1RrRXRIRTc5WTN6ZEZiVUc1V1RCU2YwNU5nY0lCUEhvVDI5Mm9qR0ZkSEx2TXhIdGxOXzdodFNQUGwzWW1IT2dCbFZlcmhPcjRTUEhpX1ZFUjJHUWpZM19qeHliVUFxcnhSalZGaTB6VTRaOVhGeHVHTXM1TkR1dE9xU2F0RVhRemZrR0w2S0V1RmZvZw?oc=5\" target=\"_blank\" rel=\"noopener\">Tennis : \u00ab\u00a0Je pr\u00e9f\u00e8re revenir \u00e0 100% que trop t\u00f4t\u00a0\u00bb&#8230; Arthur Fils d\u00e9clare forfait \u00e0 l&rsquo;Open d&rsquo;Australie et repousse son retour<\/a>&nbsp;&nbsp;France Info<\/li>\n<li><a href=\"https:\/\/news.google.com\/rss\/articles\/CBMi7AFBVV95cUxOLVZFSGpUSWhweXlvTUR2VzZJVlRSTW9oRlE2RjRNZUpqV2s3Sld1enJRVVh6azlxeEJ0MTY4dWptWmtFQ1A0a0JERURMVVNEZU5zdTI1Umd3bU0ycTJxQzhWbkl0WEpJWEp2X3NTWmUzcFE5YVVLdGNvcXB4VGp4aFJ4Ny1ab2MyZDJkY1VfZkprbDVFMzBYTktNODN2Ty1Idl9tNnhvQjRWZ1k2VnVpRmpiMTVIQXV0M3I5NTI3ajJzSXJHN2xWM3Vjb2k5M0tfczdzZVFRTEhQNjVWS1o1a3J3c0ZpeWhOMmNHUg?oc=5\" target=\"_blank\" rel=\"noopener\">Arthur Fils d\u00e9clare forfait pour l\u2019Open d\u2019Australie et \u00e9gratigne la FFT<\/a>&nbsp;&nbsp;20 Minutes<\/li>\n<li><a href=\"https:\/\/news.google.com\/rss\/articles\/CBMi1AFBVV95cUxNNU5JdFhYMXJ0TVZ3ZFdIVTl4NzJTU0U3eWVUVFRwY0hGNVo0dmNvNUhNX3NwNHhKallxX0RmeTZWUlpjc19laU8xdFJaN3ByaDNkNXRGVlozSjFXRXZyZmdha29BSko4OXdhNXZ1ZDJ1ZkdQWHIxTFJkV3ViUko3ZW44RjRXN05hQmE5TC1LVV8tamtCcTVRS3JFYmRReEF2cU9RU2l0TWx3LUhOemF1VVQ1QmRSUUJDSXBjclVnVzlJTEZzXzJycm52NGhrakNXalM2dQ?oc=5\" target=\"_blank\" rel=\"noopener\">Encore diminu\u00e9 par sa blessure au dos, Arthur Fils d\u00e9clare forfait pour l&rsquo;Open d&rsquo;Australie : \u00ab Je vais \u00eatre un peu court, je pr\u00e9f\u00e8re revenir \u00e0 100 % \u00bb<\/a>&nbsp;&nbsp;L&rsquo;\u00c9quipe<\/li>\n<li><a href=\"https:\/\/news.google.com\/rss\/articles\/CBMiqgFBVV95cUxPX19JQXFvMzBDTWVxOHJEZ2dwT1p2cUtSZWh1aTRnMmdUcV9ON1pnalZqQ1VBakdLRGQ1NkpHTzFFY29fTklxbndhY2tYRmRpdkxpakl6TlpITTJxdlZEWUk4T1l4empMdzdRQ19GUllsdDZfZVJ3RXUxTFV3QkhUUlRBSDZoSzBGTmhEaUhiWDAxcnRKRnV0N3V3dXRQUWZSLTJVSXg3c2FqZ9IBqAFBVV95cUxOVlV0MVVyMXlzUXBKbDh0TlRJTnNXTW1kNGliX0E0YmtGYlhZNmtUN3UxSjRYbXl2QjBpbXphajNLdnpRNW9XNElxeEFkNDJrd2ZLRFFFZ2h1aGtfcWJOTWt4MlhSUzRzTktMUTl3RWN5V2dzS2hKYzRZZ2xTN05IanRvRVd4VFhTOE5VUUJma0hKM3h2V3lvRTVJZE10QUFTN1VfZHpSaS0?oc=5\" target=\"_blank\" rel=\"noopener\">ATP : Fils finalement forfait pour Hong Kong : Sports &#8211; Orange<\/a>&nbsp;&nbsp;Sports &#8211; Orange<\/li>\n<li><a href=\"https:\/\/news.google.com\/rss\/articles\/CBMirwJBVV95cUxNZElRZ25UT3dIV2Nib2MyTWFWS3NWMklrdUk2X2UzUlJXdGphQlBhNlBLdjJOMDA2bUpkV2NfZnowQ1hMdGNPd3Z1d2NDUlI2V1B2UXNIcUFFRlYxd1ZkdUgyTk5qWkhsWGNkaEtJMElMcVBIanJvQlFSUndDeVlHZkt3Y09xckhwUE5SUHVSODhEZkFwNjlhN0lLQmtmbFplLUkxaEZxcEtWSkd2N3dGVGpUZzQ1ZDhJTzJXOVRTWHAxaXVtWXdhX1Y5cVhPSkJlOUoyNmNTRnlUUmVselRnQTYxSkRwbWwzUDM4azBESXhWMmZGUEYyOVFweWRXeFZWLWZRVk5QeUtjWDJZUzRkUVB4cFBiQ0N4YVU4d1ZFNlRpVjZzS21mSUpkM0Z5SFU?oc=5\" target=\"_blank\" rel=\"noopener\">Arthur Fils renonce \u00e0 l&rsquo;Open d&rsquo;Australie<\/a>&nbsp;&nbsp;Eurosport<\/li>\n<\/ol>\n","protected":false},"excerpt":{"rendered":"Tennis : \u00ab\u00a0Je pr\u00e9f\u00e8re revenir \u00e0 100% que trop t\u00f4t\u00a0\u00bb&#8230; Arthur Fils d\u00e9clare forfait \u00e0 l&rsquo;Open d&rsquo;Australie et&hellip;\n","protected":false},"author":2,"featured_media":395849,"comment_status":"","ping_status":"","sticky":false,"template":"","format":"standard","meta":{"footnotes":""},"categories":[1415],"tags":[1011,27,60,1467],"class_list":{"0":"post-639095","1":"post","2":"type-post","3":"status-publish","4":"format-standard","5":"has-post-thumbnail","7":"category-tennis","8":"tag-fr","9":"tag-france","10":"tag-sports","11":"tag-tennis"},"share_on_mastodon":{"url":"https:\/\/pubeurope.com\/@fr\/115833306038300852","error":""},"_links":{"self":[{"href":"https:\/\/www.europesays.com\/fr\/wp-json\/wp\/v2\/posts\/639095","targetHints":{"allow":["GET"]}}],"collection":[{"href":"https:\/\/www.europesays.com\/fr\/wp-json\/wp\/v2\/posts"}],"about":[{"href":"https:\/\/www.europesays.com\/fr\/wp-json\/wp\/v2\/types\/post"}],"author":[{"embeddable":true,"href":"https:\/\/www.europesays.com\/fr\/wp-json\/wp\/v2\/users\/2"}],"replies":[{"embeddable":true,"href":"https:\/\/www.europesays.com\/fr\/wp-json\/wp\/v2\/comments?post=639095"}],"version-history":[{"count":0,"href":"https:\/\/www.europesays.com\/fr\/wp-json\/wp\/v2\/posts\/639095\/revisions"}],"wp:featuredmedia":[{"embeddable":true,"href":"https:\/\/www.europesays.com\/fr\/wp-json\/wp\/v2\/media\/395849"}],"wp:attachment":[{"href":"https:\/\/www.europesays.com\/fr\/wp-json\/wp\/v2\/media?parent=639095"}],"wp:term":[{"taxonomy":"category","embeddable":true,"href":"https:\/\/www.europesays.com\/fr\/wp-json\/wp\/v2\/categories?post=639095"},{"taxonomy":"post_tag","embeddable":true,"href":"https:\/\/www.europesays.com\/fr\/wp-json\/wp\/v2\/tags?post=639095"}],"curies":[{"name":"wp","href":"https:\/\/api.w.org\/{rel}","templated":true}]}}