{"id":639096,"date":"2026-01-03T21:35:10","date_gmt":"2026-01-03T21:35:10","guid":{"rendered":"https:\/\/www.europesays.com\/fr\/639096\/"},"modified":"2026-01-03T21:35:10","modified_gmt":"2026-01-03T21:35:10","slug":"mathieu-dupe-etre-le-plus-utile-possible-pour-lequipe-actualite","status":"publish","type":"post","link":"https:\/\/www.europesays.com\/fr\/639096\/","title":{"rendered":"Mathieu Dup\u00e9 : \u00ab \u00catre le plus utile possible pour l&rsquo;\u00e9quipe \u00bb &#8211; Actualit\u00e9"},"content":{"rendered":"<p>De janvier \u00e0 d\u00e9cembre, <a href=\"https:\/\/www.directvelo.com\/coureur\/41916\/mathieu-dupe\" target=\"_blank\" rel=\"noopener\"><strong>Mathieu Dup\u00e9<\/strong><\/a> a fait chauffer le plancher des v\u00e9lodromes. Du Championnat de France \u00e0 Loud\u00e9ac au Track Cycling Challenge \u00e0 Granges, le soci\u00e9taire de Mayenne-V and B-Monbana a multipli\u00e9 les allers-retours entre la route et la piste. Et en Suisse, il a affront\u00e9 d&rsquo;autres routiers comme Lewis Askey qu&rsquo;il a devanc\u00e9 dans le scratch (il se classe 2e). Dans l&rsquo;Omnium, il termine 4e, alors qu&rsquo;il \u00e9tait encore 3e avant la course aux points finale mais le Champion du Monde du scratch, Moritz Augenstein, a remont\u00e9 dix places dans cette derni\u00e8re manche. Il a d&rsquo;ailleurs bien conscience qu&rsquo;il doit devenir un peu plus routier pour encaisser le choc. \u00ab\u00a0Je suis un de ceux qui bornent le moins. L&rsquo;an prochain, je dois prendre de la caisse\u00a0\u00bb.<\/p>\n<p>Le coureur de 21 ans r\u00e9pond \u00e0 toutes les s\u00e9lections en \u00e9quipe de France depuis douze mois et le nouveau cycle olympique, \u00e0 l&rsquo;exception du Championnat d&rsquo;Europe Elite. \u00ab\u00a0Je suis le programme que la f\u00e9d\u00e9ration me propose. Le projet olympique m&rsquo;int\u00e9resse. Je suis un coureur de poursuite par \u00e9quipes, c&rsquo;est l\u00e0 o\u00f9 je performe le mieux mais je veux aussi montrer que je suis fort sur un Omnium ou un scratch gr\u00e2ce \u00e0 ma pointe de vitesse\u00a0\u00bb, dit-il \u00e0 DirectVelo. S&rsquo;il est d\u00e9marreur dans le quatuor tricolore, le Champion de France de poursuite et du scratch Juniors 2022 veut montrer sa polyvalence. \u00ab\u00a0J&rsquo;ai d\u00e9j\u00e0 \u00e9t\u00e9 en deuxi\u00e8me et troisi\u00e8me positions au Championnat d&rsquo;Europe Espoirs. L&rsquo;objectif est d&rsquo;\u00eatre le plus utile possible pour l&rsquo;\u00e9quipe\u00a0\u00bb.<\/p>\n<p><strong>\u00ab J&rsquo;AI PU MONTRER QUE JE SUIS FIABLE \u00bb<\/strong><\/p>\n<p>Sous le maillot bleu, il a parcouru le monde, \u00e0 Konya (Turquie) pour la seule manche de Coupe des Nations, Anadia (Portugal) pour le Championnat d&rsquo;Europe Espoirs, Santiago du Chili pour le Championnat du Monde. Pour des \u00ab\u00a0r\u00e9sultats pas toujours significatifs. Je suis un peu triste de ne pas \u00eatre mont\u00e9 sur un podium. En Coupe des Nations, il y avait une forte concurrence et nous finissons 4e, avec un temps de 3&rsquo;48\u00a0\u00bb. Au Championnat d&rsquo;Europe, nous terminons encore 4e, rappelle-t-il. J&rsquo;ai pu montrer que je suis fiable et pr\u00e9sent sur les objectifs qu&rsquo;on me fixe\u00a0\u00bb.<\/p>\n<p>Pour le troisi\u00e8me hiver, il s&rsquo;est retrouv\u00e9 aux Six Jours de Gand de l&rsquo;Avenir. Il formait une paire avec Lucas Menanteau, \u00ab\u00a0une personne en or, calme, pos\u00e9, il \u00e9coute, il ne s&rsquo;\u00e9nerve jamais\u00a0\u00bb, appr\u00e9cie Mathieu Dup\u00e9. Dans la cuvette de Gand, il a pu travailler\u00a0 \u00ab\u00a0la technique. Tout va tr\u00e8s vite, les virages, les relais, cela demande de la prise de d\u00e9cision\u00a0\u00bb. Sur le 49&#215;15, il a pu aussi \u00ab\u00a0travailler la surcadence. Au Championnat du Monde, j&rsquo;avais 65&#215;15 pour le scratch\u00a0\u00bb. Une fois leur course finie, les deux \u00e9cureuils fran\u00e7ais s&rsquo;asseyaient pour regarder la course des grands. \u00ab\u00a0C&rsquo;est bien pour apprendre \u00e0 courir. Benjamin Thomas se loupe rarement\u00a0\u00bb, observe-t-il. Au final, la paire Dup\u00e9-Menanteau termine 3e en Belgique.<\/p>\n<p><strong>\u00ab LES CHOSES S\u00c9RIEUSES VONT COMMENCER \u00bb<\/strong><\/p>\n<p>Mi-d\u00e9cembre, il a donc disput\u00e9 le Grand Prix de Granges, \u00ab\u00a0quatre courses UCI C1 le premier jour\u00a0\u00bb. Dans l&rsquo;Am\u00e9ricaine (6e), le vainqueur de la 1\u00e8re \u00e9tape du Tour du Pays de Lesneven a retrouv\u00e9 son co\u00e9quipier lavallois, Erwan Besnier, lui aussi bien investi sur la piste cette saison. \u00ab\u00a0Nous aurons \u00e0 c\u0153ur de briller dans l&rsquo;Am\u00e9ricaine au Championnat de France en janvier\u00a0\u00bb.<\/p>\n<p>Avant les f\u00eates, il a fait un d\u00e9tour par le v\u00e9lodrome de Saint-Quentin-en-Yvelines pour un dernier stage. \u00ab\u00a0Nous avons travaill\u00e9 l&rsquo;a\u00e9rodynamisme, j&rsquo;ai pass\u00e9 des tests de musculation, des tests de d\u00e9part\u00a0\u00bb. Si le Championnat de France \u00e0 Bourges n&rsquo;est pas le grand objectif de la saison, Mathieu Dup\u00e9 va pr\u00e9parer d&rsquo;autres grands rendez-vous. \u00ab\u00a0Le Championnat d&rsquo;Europe, les Coupes du Monde et le Championnat du Monde. Les choses s\u00e9rieuses vont commencer en vue des Jeux\u00a0\u00bb. <a href=\"https:\/\/www.directvelo.com\/actualite\/125844\/los-angeles-2028-le-systeme-de-qualification-de-la-piste,%20avec%20le%20Championnat%20du%20Monde\" target=\"_blank\" rel=\"noopener\"><strong>La course \u00e0 la qualification<\/strong><\/a> va d\u00e9buter \u00e0 Shangai.<\/p>\n","protected":false},"excerpt":{"rendered":"De janvier \u00e0 d\u00e9cembre, Mathieu Dup\u00e9 a fait chauffer le plancher des v\u00e9lodromes. Du Championnat de France \u00e0&hellip;\n","protected":false},"author":2,"featured_media":639097,"comment_status":"","ping_status":"","sticky":false,"template":"","format":"standard","meta":{"footnotes":""},"categories":[1411],"tags":[834,828,836,829,837,827,83,826,824,823,1154,207,814,817,815,816,822,821,832,211,839,1011,27,820,818,819,835,831,830,833,838,60,212,208,825],"class_list":{"0":"post-639096","1":"post","2":"type-post","3":"status-publish","4":"format-standard","5":"has-post-thumbnail","7":"category-cyclisme","8":"tag-attaque","9":"tag-belgique","10":"tag-braquet","11":"tag-bretagne","12":"tag-chute","13":"tag-competition","14":"tag-coupe-de-france","15":"tag-coureur","16":"tag-course-cyclisme","17":"tag-course-cycliste","18":"tag-cycling","19":"tag-cyclisme","20":"tag-direct","21":"tag-direct-velo","22":"tag-directvelo","23":"tag-directvelo-com","24":"tag-epreuve","25":"tag-epreuve-cycliste","26":"tag-federation-francaise-de-cyclisme","27":"tag-ffc","28":"tag-flandres","29":"tag-fr","30":"tag-france","31":"tag-live","32":"tag-live-course","33":"tag-live-epreuve","34":"tag-peloton","35":"tag-radio-peloton","36":"tag-radio-tour","37":"tag-ravitaillement","38":"tag-relance","39":"tag-sports","40":"tag-uci","41":"tag-velo","42":"tag-velos"},"share_on_mastodon":{"url":"https:\/\/pubeurope.com\/@fr\/115833321961426281","error":""},"_links":{"self":[{"href":"https:\/\/www.europesays.com\/fr\/wp-json\/wp\/v2\/posts\/639096","targetHints":{"allow":["GET"]}}],"collection":[{"href":"https:\/\/www.europesays.com\/fr\/wp-json\/wp\/v2\/posts"}],"about":[{"href":"https:\/\/www.europesays.com\/fr\/wp-json\/wp\/v2\/types\/post"}],"author":[{"embeddable":true,"href":"https:\/\/www.europesays.com\/fr\/wp-json\/wp\/v2\/users\/2"}],"replies":[{"embeddable":true,"href":"https:\/\/www.europesays.com\/fr\/wp-json\/wp\/v2\/comments?post=639096"}],"version-history":[{"count":0,"href":"https:\/\/www.europesays.com\/fr\/wp-json\/wp\/v2\/posts\/639096\/revisions"}],"wp:featuredmedia":[{"embeddable":true,"href":"https:\/\/www.europesays.com\/fr\/wp-json\/wp\/v2\/media\/639097"}],"wp:attachment":[{"href":"https:\/\/www.europesays.com\/fr\/wp-json\/wp\/v2\/media?parent=639096"}],"wp:term":[{"taxonomy":"category","embeddable":true,"href":"https:\/\/www.europesays.com\/fr\/wp-json\/wp\/v2\/categories?post=639096"},{"taxonomy":"post_tag","embeddable":true,"href":"https:\/\/www.europesays.com\/fr\/wp-json\/wp\/v2\/tags?post=639096"}],"curies":[{"name":"wp","href":"https:\/\/api.w.org\/{rel}","templated":true}]}}