{"id":639098,"date":"2026-01-03T21:36:13","date_gmt":"2026-01-03T21:36:13","guid":{"rendered":"https:\/\/www.europesays.com\/fr\/639098\/"},"modified":"2026-01-03T21:36:13","modified_gmt":"2026-01-03T21:36:13","slug":"wahi-frappe-fort-pour-son-retour-en-l1","status":"publish","type":"post","link":"https:\/\/www.europesays.com\/fr\/639098\/","title":{"rendered":"Wahi frappe fort pour son retour en L1"},"content":{"rendered":"<p><strong>Nice et Strasbourg ont fait match<br \/>\nnul ce samedi pour le compte de la 17e journ\u00e9e de Ligue 1 (1-1).<br \/>\nNon sans un but de Wahi c\u00f4t\u00e9 azur\u00e9en.<\/strong><\/p>\n<p>En grande difficult\u00e9 depuis deux mois, l\u2019OGC Nice s\u2019est attel\u00e9 \u00e0<br \/>\nrepartir de l\u2019avant ce samedi face \u00e0 Strasbourg, dans le cadre du<br \/>\n<strong><a href=\"https:\/\/www.sports.fr\/football\/ligue-1\" target=\"_blank\" rel=\"noopener\">17e acte<br \/>\nde la Ligue 1<\/a><\/strong>. Pour la premi\u00e8re sur le banc d\u2019un<br \/>\nClaude Puel qui durant la tr\u00eave a remplac\u00e9 Franck Haise.<\/p>\n<p>Malheureusement pour les Aiglons, la victoire n\u2019a pas \u00e9t\u00e9 au<br \/>\nrendez-vous puisque les Alsaciens ont frapp\u00e9 les premiers, d\u2019un<br \/>\npenalty transform\u00e9 par un Panichelli qui n\u2019avait plus marqu\u00e9 en<br \/>\nchampionnat depuis la 11e lev\u00e9e (13e).<\/p>\n<p>Pour autant, le Gym n\u2019a pas perdu, relanc\u00e9 par un Wahi entr\u00e9 \u00e0<br \/>\nla pause et auteur d\u2019une superbe r\u00e9alisation dans la foul\u00e9e (54e).<br \/>\nCe match nul 1-1 laisse au final l\u2019OGCN en 13e position, \u00e0 six<br \/>\nlongueurs de son adversaire du jour. Un Racing septi\u00e8me au<br \/>\nclassement et \u00e0 trois points provisoirement du premier billet<br \/>\neurop\u00e9en.<\/p>\n<blockquote class=\"twitter-tweet\"><p><a class=\"twitter-link\" rel=\"noindex, nofollow noopener\" href=\"https:\/\/twitter.com\/ligue1plus\/status\/2007531485914407059\" target=\"_blank\"><\/p><\/blockquote>\n<p>Nice-Strasbourg, les compos au coup d\u2019envoi<\/p>\n<p><strong>Le onze ni\u00e7ois:<\/strong> Dup\u00e9 \u2013 Clauss, Oppong, Bah,<br \/>\nBard \u2013 Everton, Ndombele, Sanson \u2013 Gouveia, Cho, Diop.<\/p>\n<p><strong>Le onze strasbourgeois:<\/strong> Penders \u2013 H\u00f6gsberg,<br \/>\nDoukour\u00e9, Chilwell \u2013 Ouattara, El Mourabet, Barco, Moreira \u2013<br \/>\nEnciso, Godo \u2013 Panichelli.<\/p>\n<p>Match en direct<\/p>\n<ul class=\"list-inline text-center live-match-info\">\n<li class=\"live-match-info-item\">DATE :<br \/>\n03\/01\/2026<\/li>\n<li class=\"live-match-info-item\">Horaires : 19h00<\/li>\n<li class=\"live-match-info-item\">STADE : Allianz<br \/>\nRiviera<\/li>\n<li class=\"live-match-info-item\">ARBITRE : Cl\u00e9ment<br \/>\nTurpin<\/li>\n<\/ul>\n<p><img decoding=\"async\" class=\"equipe-logo lazy-load align-middle m-b-10\" src=\"https:\/\/www.europesays.com\/fr\/wp-content\/uploads\/2025\/05\/894.png\" alt=\"Nice\"\/><\/p>\n<p>Nice<\/p>\n<p><img decoding=\"async\" class=\"equipe-logo lazy-load align-middle m-b-10\" src=\"https:\/\/www.europesays.com\/fr\/wp-content\/uploads\/2025\/08\/898.png\" alt=\"Strasbourg\"\/><\/p>\n<p>Strasbourg<\/p>\n<p>Effectifs<\/p>\n<p><img decoding=\"async\" class=\"equipe-logo lazy-load align-middle m-b-10\" src=\"https:\/\/www.europesays.com\/fr\/wp-content\/uploads\/2025\/05\/894.png\" alt=\"Nice\"\/><\/p>\n<p>\nFormation<br \/>4 3 3<\/p>\n<p>\nFormation<br \/>3 4 3<\/p>\n<p><img decoding=\"async\" class=\"equipe-logo lazy-load align-middle m-b-10\" src=\"https:\/\/www.europesays.com\/fr\/wp-content\/uploads\/2025\/08\/898.png\" alt=\"Strasbourg\"\/><\/p>\n<ul class=\"list-unstyled live-match-effectifs-info\">\n<li>\n<p>FORMATION<\/p>\n<p>4 3 3<\/p>\n<\/li>\n<li>\n<p>ENTRAINEUR<\/p>\n<\/li>\n<li>\n<p>EFFECTIFS<\/p>\n<p>M. Dup\u00e9<\/p>\n<p>J. Clauss<\/p>\n<p>A. Bah<\/p>\n<p>K. Peprah<br \/>\nOppong<\/p>\n<p>S. Abdul<br \/>\nSamed<\/p>\n<p>M. Bard<\/p>\n<p>B.<br \/>\nNguene<\/p>\n<p>Z.<br \/>\nDiallo<\/p>\n<p>S. Diop<\/p>\n<p>M. Cho<\/p>\n<p>S. Delmas<br \/>\nWahi<\/p>\n<\/li>\n<li>\n<p>Rempla\u00e7ants<\/p>\n<p>B. \u017belazowski<\/p>\n<p>M. Youssouf<\/p>\n<p>B. Mantsounga<br \/>\nMakouangou<\/p>\n<p>M. Brignone<\/p>\n<p>E. Pereira da<br \/>\nSilva<\/p>\n<p>E. Bouard<\/p>\n<p>T. Ndomb\u00e9l\u00e9<br \/>\nAlvaro<\/p>\n<p>M.<br \/>\nSanson<\/p>\n<p>T. Antunes<br \/>\nGouveia<\/p>\n<\/li>\n<\/ul>\n<ul class=\"list-unstyled live-match-effectifs-info\">\n<li>\n<p>FORMATION<\/p>\n<p>3 4 3<\/p>\n<\/li>\n<li>\n<p>ENTRAINEUR<\/p>\n<\/li>\n<li>\n<p>EFFECTIFS<\/p>\n<p>M.<br \/>\nPenders<\/p>\n<p>L.<br \/>\nSylla<\/p>\n<p>I. Doukour\u00e9<\/p>\n<p>B.<br \/>\nChilwell<\/p>\n<p>D.<br \/>\nda Silva Moreira<\/p>\n<p>M. Amougou<\/p>\n<p>A.<br \/>\nOuattara<\/p>\n<p>R. P\u00e1ez<br \/>\nAndrade<\/p>\n<p>V.<br \/>\nBarco<\/p>\n<p>S.<br \/>\nAmo-Ameyaw<\/p>\n<p>J.<br \/>\nPanichelli<\/p>\n<\/li>\n<li>\n<p>Rempla\u00e7ants<\/p>\n<p>K.<br \/>\nJohnsson<\/p>\n<p>L.<br \/>\nH\u00f8gsberg<\/p>\n<p>E.<br \/>\nSobol<\/p>\n<p>J. Enciso<br \/>\nEsp\u00ednola<\/p>\n<p>S. El<br \/>\nMourabet<\/p>\n<p>R.<br \/>\nNzingoula<\/p>\n<p>F.<br \/>\nLemar\u00e9chal<\/p>\n<p>R.<br \/>\nGon\u00e7alves Soares Lu\u00eds<\/p>\n<p>B. Godo<\/p>\n<\/li>\n<\/ul>\n<p>92&rsquo;88&rsquo;88&rsquo;80&rsquo;80&rsquo;80&rsquo;80&rsquo;80&rsquo;80&rsquo;80&rsquo;80&rsquo;68&rsquo;68&rsquo;66&rsquo;66&rsquo;54&rsquo;46&rsquo;46&rsquo;35&rsquo;3&prime; 94&prime;<\/p>\n<p><script async src=\"https:\/\/platform.twitter.com\/widgets.js\" charset=\"utf-8\"><\/script><\/p>\n","protected":false},"excerpt":{"rendered":"Nice et Strasbourg ont fait match nul ce samedi pour le compte de la 17e journ\u00e9e de Ligue&hellip;\n","protected":false},"author":2,"featured_media":639099,"comment_status":"","ping_status":"","sticky":false,"template":"","format":"standard","meta":{"footnotes":""},"categories":[1410],"tags":[63,1011,27,60],"class_list":{"0":"post-639098","1":"post","2":"type-post","3":"status-publish","4":"format-standard","5":"has-post-thumbnail","7":"category-football","8":"tag-football","9":"tag-fr","10":"tag-france","11":"tag-sports"},"share_on_mastodon":{"url":"https:\/\/pubeurope.com\/@fr\/115833325983992538","error":""},"_links":{"self":[{"href":"https:\/\/www.europesays.com\/fr\/wp-json\/wp\/v2\/posts\/639098","targetHints":{"allow":["GET"]}}],"collection":[{"href":"https:\/\/www.europesays.com\/fr\/wp-json\/wp\/v2\/posts"}],"about":[{"href":"https:\/\/www.europesays.com\/fr\/wp-json\/wp\/v2\/types\/post"}],"author":[{"embeddable":true,"href":"https:\/\/www.europesays.com\/fr\/wp-json\/wp\/v2\/users\/2"}],"replies":[{"embeddable":true,"href":"https:\/\/www.europesays.com\/fr\/wp-json\/wp\/v2\/comments?post=639098"}],"version-history":[{"count":0,"href":"https:\/\/www.europesays.com\/fr\/wp-json\/wp\/v2\/posts\/639098\/revisions"}],"wp:featuredmedia":[{"embeddable":true,"href":"https:\/\/www.europesays.com\/fr\/wp-json\/wp\/v2\/media\/639099"}],"wp:attachment":[{"href":"https:\/\/www.europesays.com\/fr\/wp-json\/wp\/v2\/media?parent=639098"}],"wp:term":[{"taxonomy":"category","embeddable":true,"href":"https:\/\/www.europesays.com\/fr\/wp-json\/wp\/v2\/categories?post=639098"},{"taxonomy":"post_tag","embeddable":true,"href":"https:\/\/www.europesays.com\/fr\/wp-json\/wp\/v2\/tags?post=639098"}],"curies":[{"name":"wp","href":"https:\/\/api.w.org\/{rel}","templated":true}]}}