{"id":639100,"date":"2026-01-03T21:37:12","date_gmt":"2026-01-03T21:37:12","guid":{"rendered":"https:\/\/www.europesays.com\/fr\/639100\/"},"modified":"2026-01-03T21:37:12","modified_gmt":"2026-01-03T21:37:12","slug":"jeleve-mes-enfants-toute-seule","status":"publish","type":"post","link":"https:\/\/www.europesays.com\/fr\/639100\/","title":{"rendered":"J&rsquo;\u00e9l\u00e8ve mes enfants toute seule"},"content":{"rendered":"<p>\n                            M\u00e9lanie Laurent, tr\u00e8s discr\u00e8te lorsqu&rsquo;il s&rsquo;agit de sa vie priv\u00e9e, s&rsquo;est pourtant confi\u00e9e sur le sujet aupr\u00e8s de \u00ab\u00a0One time\u00a0\u00bb. L&rsquo;actrice, maman de deux enfants, a r\u00e9v\u00e9l\u00e9 qu&rsquo;elle \u00e9tait une m\u00e8re c\u00e9libataire&#8230;<\/p>\n<p><a href=\"https:\/\/www.journaldesfemmes.fr\/people\/melanie-laurent\/\" title=\"M\u00e9lanie Laurent\" target=\"_blank\" rel=\"noopener\">M\u00e9lanie Laurent<\/a> a d\u00e9j\u00e0 25 ans de carri\u00e8re d&rsquo;actrice \u00e0 son compteur. D\u00e9sormais, la com\u00e9dienne accepte uniquement des r\u00f4les qui la font vibrer ou qui lui sont propos\u00e9s par des personnes ch\u00e8res \u00e0 son c\u0153ur. Il faut dire que l&rsquo;actrice de 42 ans n&rsquo;a pas de temps \u00e0 perdre puisqu&rsquo;elle est maman c\u00e9libataire de deux enfants\u2026<\/p>\n<p>M\u00e9lanie Laurent \u00e9l\u00e8ve ses deux enfants \u00ab\u00a0toute seule\u00a0\u00bb<\/p>\n<p>M\u00e9lanie Laurent est \u00e0 l&rsquo;affiche du film Qui brille au combat, r\u00e9alis\u00e9 par Jos\u00e9phine Japy, une actrice dont elle est proche depuis une dizaine d&rsquo;ann\u00e9es. Et c&rsquo;est, entre autres, par sens de l&rsquo;amiti\u00e9 que la com\u00e9dienne a accept\u00e9 de jouer dans ce long-m\u00e9trage, elle qui choisit consciencieusement les projets auxquels elle participe\u00a0depuis qu&rsquo;elle est maman. \u00ab\u00a0J&rsquo;ai deux enfants que j&rsquo;\u00e9l\u00e8ve toute seule et je me dis : &lsquo;Bon, qu&rsquo;est-ce qui me fait sortir de chez moi ? Qu&rsquo;est-ce qui fait que je les quitte pendant tant de semaines ? Et pourquoi je leur impose mon absence ?\u00a0\u00bb, a-t-elle expliqu\u00e9 au m\u00e9dia One time.<\/p>\n<p>M\u00e9lanie Laurent, isol\u00e9e en Bretagne avec ses enfants : \u00ab\u00a0Cette bulle que nous avons cr\u00e9\u00e9e&#8230;\u00a0\u00bb<\/p>\n<p>Maman de L\u00e9o, 12 ans, fruit de son ancien amour avec un technicien du cin\u00e9ma, et Mila, 6 ans, n\u00e9e d&rsquo;une ancienne union avec un Am\u00e9ricain dont elle tait le nom, M\u00e9lanie Laurent tente de concilier sa vie professionnelle et son quotidien de m\u00e8re dans la joie et la bonne humeur. \u00ab\u00a0J&rsquo;ai un mot d&rsquo;ordre\u00a0: faire en sorte que, quand je couche ma fille, elle rigole et, quand elle se r\u00e9veille, elle sourit. Si \u00e7a marche, cela veut dire qu&rsquo;il n&rsquo;y a pas eu trop de stress dans la journ\u00e9e. J&rsquo;ai fait pareil avec mon fils\u00a0\u00bb, avait-elle confi\u00e9 au <a href=\"https:\/\/madame.lefigaro.fr\/celebrites\/melanie-laurent-jetais-allongee-cablee-dix-heures-par-jour-avec-limpossibilite-de-faire-des-pauses-230421-196266\" target=\"_blank\" rel=\"noopener\">Madame Figaro<\/a>.<\/p>\n<p><a class=\"fancy\" href=\"https:\/\/img-3.journaldesfemmes.fr\/gG433_q-T4Pc5097aJkGNqemwks=\/1080x\/smart\/da898300d95b4b1da5565508ddb56c38\/ccmcms-jdf\/40061453.jpg\" target=\"_blank\" rel=\"noopener\"><img decoding=\"async\" alt=\"\" src=\"https:\/\/www.europesays.com\/fr\/wp-content\/uploads\/2026\/01\/40061453.jpg\"\/><\/a><\/p>\n<p>\u00a9\u00a0Niviere David\/ABACAPRESS.COM<\/p>\n<p>Et de pr\u00e9ciser : \u00ab\u00a0Je consacre tout mon temps au travail, \u00e0 mes proches, \u00e0 mes enfants. Mon nombril est devenu secondaire depuis que mon fils et ma fille sont l\u00e0. Ils m&rsquo;ont recentr\u00e9e, et cette bulle que nous avons cr\u00e9\u00e9e, je tiens \u00e0 la pr\u00e9server\u00a0\u00bb.<\/p>\n<p>Pour se ressourcer et procurer de la joie \u00e0 ses enfants, elle a fait le choix de s&rsquo;installer dans une \u00eele en Bretagne o\u00f9 elle se sent en paix, \u00ab\u00a0cultive son potager\u00a0\u00bb, \u00ab\u00a0fait son march\u00e9 tranquillement\u00a0\u00bb et est au plus pr\u00e8s de la nature. \u00ab\u00a0Mes enfants vont \u00e0 l&rsquo;\u00e9cole en sautillant de joie, font des c\u00e2lins aux arbres\u00a0\u00bb, avait-elle d\u00e9clar\u00e9 au <a href=\"https:\/\/www.leparisien.fr\/culture-loisirs\/cinema\/melanie-laurent-on-est-plus-fortes-ensemble-presque-invincibles-27-10-2023-MOH2KV2XTZALROVNH7IJBSYVPQ.php?at_creation=Le%20Parisien&amp;at_campaign=Partage%20Twitter%20CM&amp;at_medium=Social%20media\" target=\"_blank\" rel=\"noopener\">Parisien<\/a>. L&rsquo;actrice et r\u00e9alisatrice est \u00e9panouie, m\u00eame loin des plateaux de tournage.\u00a0<\/p>\n","protected":false},"excerpt":{"rendered":"M\u00e9lanie Laurent, tr\u00e8s discr\u00e8te lorsqu&rsquo;il s&rsquo;agit de sa vie priv\u00e9e, s&rsquo;est pourtant confi\u00e9e sur le sujet aupr\u00e8s de&hellip;\n","protected":false},"author":2,"featured_media":639101,"comment_status":"","ping_status":"","sticky":false,"template":"","format":"standard","meta":{"footnotes":""},"categories":[1359],"tags":[3723,74609,51761,58,59,51763,1011,27,51766,49981,51767,973],"class_list":{"0":"post-639100","1":"post","2":"type-post","3":"status-publish","4":"format-standard","5":"has-post-thumbnail","7":"category-people","8":"tag-actus","9":"tag-cms-journaldesfemmes-3252377","10":"tag-controller-content","11":"tag-divertissement","12":"tag-entertainment","13":"tag-format-papier","14":"tag-fr","15":"tag-france","16":"tag-les-histoires-du-jdf","17":"tag-melanie-laurent","18":"tag-parallaxeinfeed","19":"tag-people"},"share_on_mastodon":{"url":"https:\/\/pubeurope.com\/@fr\/115833329714243704","error":""},"_links":{"self":[{"href":"https:\/\/www.europesays.com\/fr\/wp-json\/wp\/v2\/posts\/639100","targetHints":{"allow":["GET"]}}],"collection":[{"href":"https:\/\/www.europesays.com\/fr\/wp-json\/wp\/v2\/posts"}],"about":[{"href":"https:\/\/www.europesays.com\/fr\/wp-json\/wp\/v2\/types\/post"}],"author":[{"embeddable":true,"href":"https:\/\/www.europesays.com\/fr\/wp-json\/wp\/v2\/users\/2"}],"replies":[{"embeddable":true,"href":"https:\/\/www.europesays.com\/fr\/wp-json\/wp\/v2\/comments?post=639100"}],"version-history":[{"count":0,"href":"https:\/\/www.europesays.com\/fr\/wp-json\/wp\/v2\/posts\/639100\/revisions"}],"wp:featuredmedia":[{"embeddable":true,"href":"https:\/\/www.europesays.com\/fr\/wp-json\/wp\/v2\/media\/639101"}],"wp:attachment":[{"href":"https:\/\/www.europesays.com\/fr\/wp-json\/wp\/v2\/media?parent=639100"}],"wp:term":[{"taxonomy":"category","embeddable":true,"href":"https:\/\/www.europesays.com\/fr\/wp-json\/wp\/v2\/categories?post=639100"},{"taxonomy":"post_tag","embeddable":true,"href":"https:\/\/www.europesays.com\/fr\/wp-json\/wp\/v2\/tags?post=639100"}],"curies":[{"name":"wp","href":"https:\/\/api.w.org\/{rel}","templated":true}]}}