{"id":639102,"date":"2026-01-03T21:38:10","date_gmt":"2026-01-03T21:38:10","guid":{"rendered":"https:\/\/www.europesays.com\/fr\/639102\/"},"modified":"2026-01-03T21:38:10","modified_gmt":"2026-01-03T21:38:10","slug":"voir-le-monde-de-dessin-en-dessin-brest-source-inepuisable-dinspirations-pour-les-dessinateurs-urbains","status":"publish","type":"post","link":"https:\/\/www.europesays.com\/fr\/639102\/","title":{"rendered":"\u00ab\u00a0Voir le monde de dessin en dessin\u00a0\u00bb\u00a0: Brest, source in\u00e9puisable d\u2019inspirations pour les dessinateurs urbains"},"content":{"rendered":"<p>Les <a href=\"https:\/\/www.letelegramme.fr\/finistere\/plouigneau-29650\/a-plouigneau-les-urban-sketchers-morlaisiens-sous-le-charme-de-lecomusee-ker-dreger-6895014.php\" title=\"www.letelegramme.fr\" target=\"_blank\" rel=\"noopener\">Urban sketchers <\/a>ont choisi le cimeti\u00e8re Saint-Martin comme mod\u00e8le pour leurs dessins, ce lundi-l\u00e0. Chaises de camping \u00e0 la main, emmitoufl\u00e9s dans leurs manteaux, ils se sont dispers\u00e9s entre les tombes pour croquer le paysage. Depuis 2015, ce groupe de dessinateurs de tous horizons, d\u00e9butants et confirm\u00e9s, se r\u00e9unit tous les lundis pour dessiner \u00ab\u00a0in situ\u00a0\u00bb la ville et ses alentours. Le collectif brestois appartient \u00e0 la communaut\u00e9 mondiale des Urban sketchers (USK). Gabriel Campanario est \u00e0 l\u2019initiative de ce projet qui voit le jour en 2007. Aujourd\u2019hui le mouvement est implant\u00e9 dans plus de 70 pays et 514 villes. Leur devise est\u00a0: \u00ab\u00a0Voir le monde de dessin en dessin\u00a0\u00bb.<\/p>\n<p>\u00ab\u00a0Une mani\u00e8re de red\u00e9couvrir la ville\u00a0\u00bb<\/p>\n<p>Le point de rendez-vous des Brestois est donn\u00e9 sur <a href=\"https:\/\/www.facebook.com\/groups\/urbansketchersbrest\/?locale=fr_FR\" title=\"www.facebook.com\" target=\"_blank\" rel=\"noopener\">leur groupe Facebook<\/a>, o\u00f9 ils publient aussi leurs dessins. Chacun d\u2019entre eux brosse les traits de Brest de fa\u00e7on singuli\u00e8re. \u00ab\u00a0C\u2019est une mani\u00e8re de red\u00e9couvrir ou d\u00e9couvrir la ville\u00a0\u00bb, explique Marie-Laure qui fait partie des Urban sketchers depuis un an. Pascale, quant \u00e0 elle, participe aux s\u00e9ances de dessin depuis deux ans. Aujourd\u2019hui, elle a d\u00e9pli\u00e9 sa chaise au milieu des concessions en ruine du vieux cimeti\u00e8re et souhaite dessiner \u00ab\u00a0le chaos des tr\u00e8s vieilles tombes\u00a0\u00bb. \u00ab\u00a0L\u2019ambiance au sein du groupe est formidable. Il y a beaucoup d\u2019\u00e9changes entre nous et de bienveillance\u00a0\u00bb, raconte-elle. \u00ab\u00a0Nos dessins sont une transmission importante pour nos familles et nos amis. S\u2019il n\u2019y avait pas eu le groupe je n\u2019aurai jamais os\u00e9 venir ici\u00a0\u00bb, d\u00e9taille Jean-Fran\u00e7ois, un Urban sketcher depuis cinq ans. Une r\u00e9flexion partag\u00e9e par Pascale\u00a0: \u00ab\u00a0Le fait que se soient les Urban, me permet d\u2019aller dans des endroits o\u00f9 je n\u2019irai pas si j\u2019\u00e9tais seule\u00a0\u00bb. Sylvie, assise sur un banc du cimeti\u00e8re rajoute\u00a0: \u00ab\u00a0En groupe, on a plus d\u2019audace, on est moins g\u00ean\u00e9\u00a0\u00bb.<\/p>\n<p>Le dessin comme moyen de tisser des liens<\/p>\n<p>\u00ab\u00a0Nos croquis sont une fa\u00e7on de figer le patrimoine, m\u00eame s\u2019il n\u2019y a aucune arri\u00e8re-pens\u00e9e de conservation. On dessine pour le plaisir\u00a0\u00bb, raconte Bernard Guerineau entre deux coups de crayon et quelques regards vers son mod\u00e8le du jour\u00a0: la tombe d\u2019un ancien maire de Brest. Ce lundi, c\u2019est le coordinateur des activit\u00e9s. \u00c0 travers le dessin, les Urban sketchers ont tiss\u00e9 des liens. \u00ab\u00a0On s\u2019entraide et on apprend \u00e9norm\u00e9ment. Ceux qui sont dou\u00e9s en perspective, par exemple, vont aider ceux qui ont plus de mal\u00a0\u00bb, explique Pascale. Henriette a int\u00e9gr\u00e9 le collectif il y a six ans. Comme Pascale, elle appr\u00e9cie la coh\u00e9sion de groupe\u00a0: \u00ab\u00a0Je fais partie des Urban pour le plaisir de dessiner et d\u2019apprendre. On se nourrit tous entre nous. Et puis, \u00e7a nous permet de d\u00e9couvrir Brest et de t\u00e9moigner de l\u2019\u00e9tat de la ville \u00e0 un moment pr\u00e9cis\u00a0\u00bb.<\/p>\n<p>Une quinzaine de personnes \u00e9taient pr\u00e9sentes ce jour. La s\u00e9ance s\u2019est termin\u00e9e au coup de sifflet de l\u2019une des participantes.<\/p>\n","protected":false},"excerpt":{"rendered":"Les Urban sketchers ont choisi le cimeti\u00e8re Saint-Martin comme mod\u00e8le pour leurs dessins, ce lundi-l\u00e0. Chaises de camping&hellip;\n","protected":false},"author":2,"featured_media":639103,"comment_status":"","ping_status":"","sticky":false,"template":"","format":"standard","meta":{"footnotes":""},"categories":[1358],"tags":[3734,1348,1384,1385,3450,251,1386,58,59,1011,27],"class_list":{"0":"post-639102","1":"post","2":"type-post","3":"status-publish","4":"format-standard","5":"has-post-thumbnail","7":"category-arts-et-design","8":"tag-art","9":"tag-arts","10":"tag-arts-and-design","11":"tag-arts-et-design","12":"tag-brest","13":"tag-culture","14":"tag-design","15":"tag-divertissement","16":"tag-entertainment","17":"tag-fr","18":"tag-france"},"share_on_mastodon":{"url":"https:\/\/pubeurope.com\/@fr\/115833333530514845","error":""},"_links":{"self":[{"href":"https:\/\/www.europesays.com\/fr\/wp-json\/wp\/v2\/posts\/639102","targetHints":{"allow":["GET"]}}],"collection":[{"href":"https:\/\/www.europesays.com\/fr\/wp-json\/wp\/v2\/posts"}],"about":[{"href":"https:\/\/www.europesays.com\/fr\/wp-json\/wp\/v2\/types\/post"}],"author":[{"embeddable":true,"href":"https:\/\/www.europesays.com\/fr\/wp-json\/wp\/v2\/users\/2"}],"replies":[{"embeddable":true,"href":"https:\/\/www.europesays.com\/fr\/wp-json\/wp\/v2\/comments?post=639102"}],"version-history":[{"count":0,"href":"https:\/\/www.europesays.com\/fr\/wp-json\/wp\/v2\/posts\/639102\/revisions"}],"wp:featuredmedia":[{"embeddable":true,"href":"https:\/\/www.europesays.com\/fr\/wp-json\/wp\/v2\/media\/639103"}],"wp:attachment":[{"href":"https:\/\/www.europesays.com\/fr\/wp-json\/wp\/v2\/media?parent=639102"}],"wp:term":[{"taxonomy":"category","embeddable":true,"href":"https:\/\/www.europesays.com\/fr\/wp-json\/wp\/v2\/categories?post=639102"},{"taxonomy":"post_tag","embeddable":true,"href":"https:\/\/www.europesays.com\/fr\/wp-json\/wp\/v2\/tags?post=639102"}],"curies":[{"name":"wp","href":"https:\/\/api.w.org\/{rel}","templated":true}]}}