{"id":639104,"date":"2026-01-03T21:40:12","date_gmt":"2026-01-03T21:40:12","guid":{"rendered":"https:\/\/www.europesays.com\/fr\/639104\/"},"modified":"2026-01-03T21:40:12","modified_gmt":"2026-01-03T21:40:12","slug":"tv-psg-paris-fc-a-quelle-heure-et-sur-quelle-chaine","status":"publish","type":"post","link":"https:\/\/www.europesays.com\/fr\/639104\/","title":{"rendered":"TV : PSG &#8211; Paris FC, \u00e0 quelle heure et sur quelle cha\u00eene ?"},"content":{"rendered":"<p><b>Le Parc des Princes accueille ce dimanche le premier derby parisien de la saison puisque le PSG re\u00e7oit son nouveau voisin en Ligue 1, le Paris FC.<\/b><\/p>\n<p>Quelle heure pour PSG &#8211; Paris FC ?<\/p>\n<p>Le premier derby parisien de la saison entre le Paris Saint-Germain et le Paris FC se disputera ce <b>dimanche \u00e0 20h45<\/b>. Une affiche tr\u00e8s attendue entre les deux nouveaux voisins de la Ligue 1, qui se battent n\u00e9anmoins pour des objectifs bien diff\u00e9rents cette saison. Malgr\u00e9 ses moyens, le PFC ne vise rien d&rsquo;autre que le maintien tandis que le PSG doit assurer apr\u00e8s la victoire de Lens \u00e0 Toulouse en ouverture de la 17e journ\u00e9e vendredi.<\/p>\n<p>Sur quelle cha\u00eene suivre PSG &#8211; Paris FC ?<\/p>\n<p>48 heures apr\u00e8s la victoire du leader lensois sur la pelouse de Toulouse, le Paris Saint-Germain doit r\u00e9agir. Nul doute que ce derby parisien au fort enjeu sera massivement suivi et il faudra se brancher sur <b>Ligue1+<\/b> pour regarder la rencontre. Un match en prime-time puisque BeInSports, qui disposait du premier choix sur cette journ\u00e9e, a opt\u00e9 pour Monaco-OL samedi \u00e0 17 heures.<\/p>\n<p>Les compos probables de PSG &#8211; Paris FC :<\/p>\n<p>Pour ce premier match de l\u2019ann\u00e9e 2025, le Paris Saint-Germain se pr\u00e9sentera au Parc des Princes sans plusieurs joueurs majeurs. Brillant fin 2024, Safonov est bless\u00e9 au m\u00eame titre que le jeune Ndjantou et le polyvalent Kang-in Lee. Hakimi et Mbaye disputent eux la CAN. A quelques jours du Troph\u00e9e des Champions contre l\u2019OM, Luis Enrique pourrait opter pour son trio type en attaque avec Demb\u00e9l\u00e9, Dou\u00e9 et Kvaratskhelia tandis que Vitinha, Ruiz et Neves sont pressentis au milieu de terrain. En d\u00e9fense, on s\u2019approche aussi de l\u2019\u00e9quipe-type \u00e0 l\u2019exception de Za\u00efre-Emery, qui devrait remplacer Hakimi.<\/p>\n<p><b>Le onze probable du PSG<\/b> : Chevalier &#8211; Za\u00efre-Emery, Marquinhos, Pacho, Nuno Mendes &#8211; Fabian Ruiz, Vitinha, Joao Neves &#8211; Demb\u00e9l\u00e9, Dou\u00e9, Kvaratskhelia.<\/p>\n<p>Le Paris FC a \u00e9galement de nombreuses absences \u00e0 g\u00e9rer pour ce d\u00e9placement sur la pelouse du Parc des Princes. Kebbal, Chergui (Alg\u00e9rie) et Krasso (C\u00f4te d\u2019Ivoire) sont \u00e0 la CAN au m\u00eame titre que Simon (Nigeria) et Traor\u00e9 (Mali). Cela fait beaucoup pour le Paris FC, qui doit en plus composer sans Lees-Melou, op\u00e9r\u00e9 au tibia et qui va manquer un mois de comp\u00e9tition. C\u2019est donc avec Maxime Lopez comme chef d\u2019orchestre et Ikon\u00e9 comme probable faux num\u00e9ro neuf que le PFC tentera d\u2019emb\u00eater le PSG dimanche soir.<\/p>\n<p><b>Le onze probable du PFC<\/b> : Trapp &#8211; Sangui, Mbow, Otavio, Ollila &#8211; Marchetti, Doucet, Lopez &#8211; Camara, Cafaro, Ikon\u00e9.<\/p>\n","protected":false},"excerpt":{"rendered":"Le Parc des Princes accueille ce dimanche le premier derby parisien de la saison puisque le PSG re\u00e7oit&hellip;\n","protected":false},"author":2,"featured_media":639105,"comment_status":"","ping_status":"","sticky":false,"template":"","format":"standard","meta":{"footnotes":""},"categories":[1356],"tags":[58,59,1011,27,66,445,93,252,1364],"class_list":{"0":"post-639104","1":"post","2":"type-post","3":"status-publish","4":"format-standard","5":"has-post-thumbnail","7":"category-television","8":"tag-divertissement","9":"tag-entertainment","10":"tag-fr","11":"tag-france","12":"tag-ligue-1","13":"tag-paris-fc","14":"tag-psg","15":"tag-television","16":"tag-tv"},"share_on_mastodon":{"url":"https:\/\/pubeurope.com\/@fr\/115833341417453120","error":""},"_links":{"self":[{"href":"https:\/\/www.europesays.com\/fr\/wp-json\/wp\/v2\/posts\/639104","targetHints":{"allow":["GET"]}}],"collection":[{"href":"https:\/\/www.europesays.com\/fr\/wp-json\/wp\/v2\/posts"}],"about":[{"href":"https:\/\/www.europesays.com\/fr\/wp-json\/wp\/v2\/types\/post"}],"author":[{"embeddable":true,"href":"https:\/\/www.europesays.com\/fr\/wp-json\/wp\/v2\/users\/2"}],"replies":[{"embeddable":true,"href":"https:\/\/www.europesays.com\/fr\/wp-json\/wp\/v2\/comments?post=639104"}],"version-history":[{"count":0,"href":"https:\/\/www.europesays.com\/fr\/wp-json\/wp\/v2\/posts\/639104\/revisions"}],"wp:featuredmedia":[{"embeddable":true,"href":"https:\/\/www.europesays.com\/fr\/wp-json\/wp\/v2\/media\/639105"}],"wp:attachment":[{"href":"https:\/\/www.europesays.com\/fr\/wp-json\/wp\/v2\/media?parent=639104"}],"wp:term":[{"taxonomy":"category","embeddable":true,"href":"https:\/\/www.europesays.com\/fr\/wp-json\/wp\/v2\/categories?post=639104"},{"taxonomy":"post_tag","embeddable":true,"href":"https:\/\/www.europesays.com\/fr\/wp-json\/wp\/v2\/tags?post=639104"}],"curies":[{"name":"wp","href":"https:\/\/api.w.org\/{rel}","templated":true}]}}