{"id":639106,"date":"2026-01-03T21:41:12","date_gmt":"2026-01-03T21:41:12","guid":{"rendered":"https:\/\/www.europesays.com\/fr\/639106\/"},"modified":"2026-01-03T21:41:12","modified_gmt":"2026-01-03T21:41:12","slug":"un-vin-du-cher-gagne-soudainement-en-notoriete-apres-une-apparition-dans-la-serie-de-taylor-swift-actualites","status":"publish","type":"post","link":"https:\/\/www.europesays.com\/fr\/639106\/","title":{"rendered":"Un vin du Cher gagne soudainement en notori\u00e9t\u00e9 apr\u00e8s une apparition dans la s\u00e9rie de Taylor Swift : Actualit\u00e9s"},"content":{"rendered":"<p class=\"lead \"><strong>L\u2019apparition d\u2019une bouteille du Domaine des Terres Blanches dans un \u00e9pisode de la s\u00e9rie documentaire de Taylor Swift, End of an Era, a suffi \u00e0 provoquer un afflux de commandes pour ce domaine viticole de Bu\u00e9-en-Sancerre, dans le Cher.<\/strong><\/p>\n<p class=\"lead \">C\u2019est ce qu\u2019on appelle un effet papillon. Un domaine viticole de Bu\u00e9-en-Sancerre a vu ses bouteilles soudainement prises d\u2019assaut aux \u00c9tats-Unis apr\u00e8s l\u2019apparition furtive de l\u2019un de ses vins dans un \u00e9pisode de la s\u00e9rie documentaire de Taylor Swift, rapporte <a href=\"https:\/\/www.francebleu.fr\/infos\/insolite\/cher-un-vin-de-l-appellation-sancerre-plebiscite-par-la-star-taylor-swift-3463069\" target=\"_blank\" rel=\"noopener\">France Bleu<\/a> le 2 janvier. Dans l\u2019\u00e9pisode 5 de End of an Era, diffus\u00e9 le 23 d\u00e9cembre, une bouteille du Domaine de Terres Blanches appara\u00eet bri\u00e8vement sur un bureau, \u00e0 c\u00f4t\u00e9 d\u2019une table de mixage. Une pr\u00e9sence presque anodine \u00e0 l\u2019\u00e9cran, mais imm\u00e9diatement rep\u00e9r\u00e9e et relay\u00e9e par les fans de la chanteuse sur les r\u00e9seaux sociaux. <\/p>\n<p class=\"lead \">Captures d\u2019\u00e9cran, identifications collaboratives, puis ru\u00e9e vers les sites de vente : plusieurs cuv\u00e9es du domaine se sont rapidement retrouv\u00e9es en rupture de stock sur des plateformes am\u00e9ricaines, notamment chez Total Wine. \u00ab\u00a0C\u2019est fou de voir l\u2019impact d\u2019une personne sur un domaine pas hyper connu\u00a0\u00bb, confie \u00e0 France Bleu Laurent Saget, du Domaine des Terres Blanches. \u00ab\u00a0\u00c7a fait \u00e9videmment plaisir, on ne s\u2019y attendait pas du tout\u00a0\u00bb, ajoute-t-il, tout en s\u2019interrogeant sur la nature de cet engouement : \u00ab\u00a0Est-ce qu\u2019ils ont un r\u00e9el int\u00e9r\u00eat pour le vin ? Je ne sais pas.\u00a0\u00bb<\/p>\n<p>                                                                                                Un effet de visibilit\u00e9 plus que de volume<\/p>\n<p class=\"lead \">Si l\u2019ampleur exacte des ventes reste difficile \u00e0 mesurer \u2013 l\u2019\u00e9pisode \u00e9tant sorti pendant la fermeture annuelle du domaine \u2013 les effets en termes de visibilit\u00e9 sont d\u00e9j\u00e0 tangibles. \u201cRien que sur notre compte Instagram, on a gagn\u00e9 beaucoup d\u2019abonn\u00e9s\u201d, souligne le vigneron. Le domaine \u00e9coule habituellement environ 10 000 bouteilles par an aux \u00c9tats-Unis, un march\u00e9 d\u00e9j\u00e0 important pour cette exploitation sancerroise.<\/p>\n<p class=\"lead \">Pour autant, pas question de changer de cap. \u201cOn ne va pas augmenter la production en 2026 ou dans les prochaines ann\u00e9es. Ce n\u2019est pas \u00e7a qui va nous permettre de vendre plus de bouteilles aux USA\u201d, tranche Laurent Saget. Le domaine pr\u00e9f\u00e8re observer si cet int\u00e9r\u00eat ponctuel se diffuse \u00e0 d\u2019autres march\u00e9s, \u201cnotamment en France\u201d. Avec une pointe d\u2019humour, le vigneron glisse une invitation \u00e0 la star am\u00e9ricaine pour \u201cvenir dans le Sancerrois visiter notre belle r\u00e9gion\u201d. <\/p>\n<p class=\"small font-weight-bold text-gray3 \"> publi\u00e9 le 3 janvier \u00e0 19h45, Noah Sdiri, 6medias<\/p>\n<p>                             Partager<\/p>\n","protected":false},"excerpt":{"rendered":"L\u2019apparition d\u2019une bouteille du Domaine des Terres Blanches dans un \u00e9pisode de la s\u00e9rie documentaire de Taylor Swift,&hellip;\n","protected":false},"author":2,"featured_media":639107,"comment_status":"","ping_status":"","sticky":false,"template":"","format":"standard","meta":{"footnotes":""},"categories":[1355],"tags":[58,59,1011,27,1361,873],"class_list":{"0":"post-639106","1":"post","2":"type-post","3":"status-publish","4":"format-standard","5":"has-post-thumbnail","7":"category-musique","8":"tag-divertissement","9":"tag-entertainment","10":"tag-fr","11":"tag-france","12":"tag-music","13":"tag-musique"},"share_on_mastodon":{"url":"https:\/\/pubeurope.com\/@fr\/115833345517457735","error":""},"_links":{"self":[{"href":"https:\/\/www.europesays.com\/fr\/wp-json\/wp\/v2\/posts\/639106","targetHints":{"allow":["GET"]}}],"collection":[{"href":"https:\/\/www.europesays.com\/fr\/wp-json\/wp\/v2\/posts"}],"about":[{"href":"https:\/\/www.europesays.com\/fr\/wp-json\/wp\/v2\/types\/post"}],"author":[{"embeddable":true,"href":"https:\/\/www.europesays.com\/fr\/wp-json\/wp\/v2\/users\/2"}],"replies":[{"embeddable":true,"href":"https:\/\/www.europesays.com\/fr\/wp-json\/wp\/v2\/comments?post=639106"}],"version-history":[{"count":0,"href":"https:\/\/www.europesays.com\/fr\/wp-json\/wp\/v2\/posts\/639106\/revisions"}],"wp:featuredmedia":[{"embeddable":true,"href":"https:\/\/www.europesays.com\/fr\/wp-json\/wp\/v2\/media\/639107"}],"wp:attachment":[{"href":"https:\/\/www.europesays.com\/fr\/wp-json\/wp\/v2\/media?parent=639106"}],"wp:term":[{"taxonomy":"category","embeddable":true,"href":"https:\/\/www.europesays.com\/fr\/wp-json\/wp\/v2\/categories?post=639106"},{"taxonomy":"post_tag","embeddable":true,"href":"https:\/\/www.europesays.com\/fr\/wp-json\/wp\/v2\/tags?post=639106"}],"curies":[{"name":"wp","href":"https:\/\/api.w.org\/{rel}","templated":true}]}}