{"id":639112,"date":"2026-01-03T21:44:14","date_gmt":"2026-01-03T21:44:14","guid":{"rendered":"https:\/\/www.europesays.com\/fr\/639112\/"},"modified":"2026-01-03T21:44:14","modified_gmt":"2026-01-03T21:44:14","slug":"le-manager-de-bayonne-gregory-patat-menace-apres-la-lourde-defaite-a-montpellier-il-repond-je-nai-aucun-signal-qui-va-dans-ce-sens-lequipe","status":"publish","type":"post","link":"https:\/\/www.europesays.com\/fr\/639112\/","title":{"rendered":"Le manager de Bayonne Gr\u00e9gory Patat menac\u00e9 apr\u00e8s la lourde d\u00e9faite \u00e0 Montpellier ? Il r\u00e9pond : \u00ab Je n&#039;ai aucun signal qui va dans ce sens \u00bb &#8211; L&#039;\u00c9quipe"},"content":{"rendered":"<ol>\n<li><a href=\"https:\/\/news.google.com\/rss\/articles\/CBMiiwJBVV95cUxQckNUUUg1cWpUT0xVWTZja2tVVzM3b0xySU93T3hUendoZHNvTWM1ejVZRDd3blNCVmgydDZNbVdvOW0wMjZrSzI5c2J2UFRLYUJxOTZCczFOaUpVZF8wN0gwVUdna2tHMkNfbUN4Vmw4S296c0pqdXlGbVZ1WGl3UVJlcFlpa3FaRi1UenZ4ejktY3h3OVdhaGNVQVFWVW9JblpIMHN0UUxrSFpHLXVZS2ctZmtvMEY2eWZVanFkdGlqeF9MQlFUckM3RXQyU1gyM0NuTElQc05UYUhIUG55UWxTMVFHbm93QkZDbm5zcGRRMjVTQ0VQLWtQV3RZM3VIek5neG4xUlM4MEU?oc=5\" target=\"_blank\" rel=\"noopener\">Le manager de Bayonne Gr\u00e9gory Patat menac\u00e9 apr\u00e8s la lourde d\u00e9faite \u00e0 Montpellier ? Il r\u00e9pond : \u00ab Je n&rsquo;ai aucun signal qui va dans ce sens \u00bb<\/a>&nbsp;&nbsp;L&rsquo;\u00c9quipe<\/li>\n<li><a href=\"https:\/\/news.google.com\/rss\/articles\/CBMikwFBVV95cUxQcHc1UklmVzhqdXpVYlNxa2kySnpuWmI3Tnl1Ym9qLUQxRENQeU9hY0hUYTctTm9NcjltdjFkeGdxNmJMbWlCQWdzcEJ0aGNxeTBxSUxRUmxPSWtHdDFJYVlKYllmaDJFR2FUZm9nNmliLWNOLVZFcU5LNTVYdWtlQVZ2WkJvZ2djVjF6SHNsNnE3bGs?oc=5\" target=\"_blank\" rel=\"noopener\">Montpellier 62-22 Bayonne, Top 14 2025-2026 : r\u00e9sum\u00e9 du match (03\/01\/2026)<\/a>&nbsp;&nbsp;L&rsquo;\u00c9quipe<\/li>\n<li><a href=\"https:\/\/news.google.com\/rss\/articles\/CBMiiAJBVV95cUxOMHg0YjdFNTFGN2pkbmp5RVpTWUh3SHZSeVZFbzZxSFMzZ3VwVEIwSEh1b2pmaEhJXzg1NFkxazEtSzhQMFM5NXdDZHpIX20zRnRiNUpYc2RMU2pnREtBVlYtNzN6d2hodTJoRmhINGlfd044cEYxTlVPS2xkclB2VjRzZXh3QnBKWXM4RkYzOWMzcThGY3VOVlIwUHdQdHRfYklTbmotX1M4M0VQamI0WU9WV0VWRHVzT2tSU1hIZ2RqVGJfUHEtZExFUlRNdWMwNmVuLXN4dDhsVEJPM3FNYWZiY0Y1R0F2b0NTc0lLbjNhamU1MkZxeVIzeU1Cd3JQS1Y5Q1E2ZUs?oc=5\" target=\"_blank\" rel=\"noopener\">Aviron Bayonnais. Gr\u00e9gory Patat est-il fragilis\u00e9 apr\u00e8s cette nouvelle d\u00e9route \u00e0 l\u2019ext\u00e9rieur ? \u00ab Je n\u2019ai aucun signal \u00bb<\/a>&nbsp;&nbsp;Sud Ouest<\/li>\n<li><a href=\"https:\/\/news.google.com\/rss\/articles\/CBMiywFBVV95cUxQRWVZMXFyZmhOQk92N2ZYSDMtRF83bXdKdDVxMWRnZ19OTFNCOFMtN1ZOc2lPUDJUS1ZoWlgtZmFiZDVvUkdPNkV4SFJEcEFLOGdCUDVTSzU4elpDYzBSUWFOaTJnT2NyUl95TURtdE83cjg0VVJXQ3BkZWpvZjlPSHdEQWNrY0RQdzZQcGoxRVhfSXBQUENvZ1cyaGRBeHpxWHM5YlM2cGpaSTY4UlE0QVJ5SE9CdDA0cFBzeUR3SEdzcDZRdDFaV01RUQ?oc=5\" target=\"_blank\" rel=\"noopener\">Faux d\u00e9part pour MHR-Bayonne, pourquoi le coup d\u2019envoi a \u00e9t\u00e9 retard\u00e9 de cinq minutes ?<\/a>&nbsp;&nbsp;Midi Libre<\/li>\n<li><a href=\"https:\/\/news.google.com\/rss\/articles\/CBMiywFBVV95cUxOWFZwOTM3U1VFcmJfSUN1YkNpTlhoWEdfVFk0WnA2QXRpSEdGdTlISmJWRTNSMGFOYm9LZ3ZwVWlSOXg0ZTg0OFZabkM2cEVxR3RDSk1PbVlFbGpEeUUxalVTZzRjcGI5NVdFZnhTMnZIZE1VcTEzRkFhemNiYlBOVnFBVEFKSXpCSFotN2dJUXJzLVBZV0ZfUkZrc0hjdUZHWXUyaGN2YW5fM0xrNTVjZDl0cmZ3SnhfdkRCRUVfM3pxMzJnLUFBTXo1WQ?oc=5\" target=\"_blank\" rel=\"noopener\">Montpellier 62-22 Bayonne : \u00ab\u00a0On a pris tarte sur tarte\u00a0\u00bb Patat ulc\u00e9r\u00e9<\/a>&nbsp;&nbsp;RMC Sport<\/li>\n<\/ol>\n","protected":false},"excerpt":{"rendered":"Le manager de Bayonne Gr\u00e9gory Patat menac\u00e9 apr\u00e8s la lourde d\u00e9faite \u00e0 Montpellier ? Il r\u00e9pond : \u00ab&hellip;\n","protected":false},"author":2,"featured_media":639113,"comment_status":"","ping_status":"","sticky":false,"template":"","format":"standard","meta":{"footnotes":""},"categories":[9],"tags":[1011,27,60],"class_list":{"0":"post-639112","1":"post","2":"type-post","3":"status-publish","4":"format-standard","5":"has-post-thumbnail","7":"category-sports","8":"tag-fr","9":"tag-france","10":"tag-sports"},"share_on_mastodon":{"url":"https:\/\/pubeurope.com\/@fr\/115833357158544339","error":""},"_links":{"self":[{"href":"https:\/\/www.europesays.com\/fr\/wp-json\/wp\/v2\/posts\/639112","targetHints":{"allow":["GET"]}}],"collection":[{"href":"https:\/\/www.europesays.com\/fr\/wp-json\/wp\/v2\/posts"}],"about":[{"href":"https:\/\/www.europesays.com\/fr\/wp-json\/wp\/v2\/types\/post"}],"author":[{"embeddable":true,"href":"https:\/\/www.europesays.com\/fr\/wp-json\/wp\/v2\/users\/2"}],"replies":[{"embeddable":true,"href":"https:\/\/www.europesays.com\/fr\/wp-json\/wp\/v2\/comments?post=639112"}],"version-history":[{"count":0,"href":"https:\/\/www.europesays.com\/fr\/wp-json\/wp\/v2\/posts\/639112\/revisions"}],"wp:featuredmedia":[{"embeddable":true,"href":"https:\/\/www.europesays.com\/fr\/wp-json\/wp\/v2\/media\/639113"}],"wp:attachment":[{"href":"https:\/\/www.europesays.com\/fr\/wp-json\/wp\/v2\/media?parent=639112"}],"wp:term":[{"taxonomy":"category","embeddable":true,"href":"https:\/\/www.europesays.com\/fr\/wp-json\/wp\/v2\/categories?post=639112"},{"taxonomy":"post_tag","embeddable":true,"href":"https:\/\/www.europesays.com\/fr\/wp-json\/wp\/v2\/tags?post=639112"}],"curies":[{"name":"wp","href":"https:\/\/api.w.org\/{rel}","templated":true}]}}