{"id":63912,"date":"2025-04-30T08:25:10","date_gmt":"2025-04-30T08:25:10","guid":{"rendered":"https:\/\/www.europesays.com\/fr\/63912\/"},"modified":"2025-04-30T08:25:10","modified_gmt":"2025-04-30T08:25:10","slug":"arsenal-psg-0-1-les-chiffres-du-match-et-de-la-performance-de-paris","status":"publish","type":"post","link":"https:\/\/www.europesays.com\/fr\/63912\/","title":{"rendered":"Arsenal-PSG (0-1)\u00a0: les chiffres du match et de la performance de Paris"},"content":{"rendered":"<p class=\"paragraph text_align_left\">La <a href=\"https:\/\/www.leparisien.fr\/sports\/football\/ligue-des-champions\/la-minute-tactique-darsenal-psg-0-1-derriere-la-victoire-une-lecon-de-resistance-et-dhumilite-30-04-2025-7AAGOSDARND3ZP3VWYQRO4N53U.php\" target=\"_self\" rel=\"nofollow noopener\">victoire du PSG<\/a> ce mardi soir \u00e0 Arsenal en demi-finale de <a href=\"https:\/\/www.leparisien.fr\/sports\/football\/ligue-des-champions\/\" target=\"_blank\" rel=\"noreferrer nofollow noopener\">Ligue des champions<\/a>, ce n\u2019est pas juste une histoire d\u2019un but inscrit rapidement, d\u2019un autre refus\u00e9 aux Anglais juste apr\u00e8s le repos ou du pointu sur la barre de Gonzalo Ramos en fin de rencontre. C\u2019est aussi une histoire de chiffres. Et ils penchent presque tous en faveur <a href=\"https:\/\/www.leparisien.fr\/sports\/football\/ligue-des-champions\/arsenal-psg-0-1-le-premier-objectif-est-rempli-se-rejouit-luis-enrique-30-04-2025-B2ZKWCSFCNBEPBZHQIRUOZKWYY.php\" target=\"_self\" rel=\"nofollow noopener\">des hommes de Luis Enrique<\/a>.<\/p>\n<p class=\"lp-f-ui-06 bet-widget_legal-notices lp-color-text-muted lp-mb-07\">LES JEUX D&rsquo;ARGENT ET DE HASARD PEUVENT \u00caTRE DANGEREUX : PERTES D&rsquo;ARGENT, CONFLITS FAMILIAUX, ADDICTION\u2026 RETROUVEZ NOS CONSEILS SUR <a href=\"https:\/\/joueurs-info-service.fr\/\" class=\"lp-color-text-muted\" rel=\"nofollow noopener\" target=\"_blank\">JOUEURS-INFO-SERVICE.FR<\/a> (09 74 75 13 13 &#8211; APPEL NON SURTAX\u00c9)<\/p>\n<p class=\"paragraph text_align_left\"><b>50 :<\/b> Le <a href=\"https:\/\/www.leparisien.fr\/sports\/football\/psg\/\" target=\"_blank\" rel=\"noreferrer nofollow noopener\">PSG <\/a>a fini un cinquanti\u00e8me match de Ligue des champions sans encaisser un but. Un score atteint au bout de 170 rencontres. Paris est le 14e club \u00e0 atteindre ce total dans la comp\u00e9tition.<\/p>\n<p class=\"paragraph text_align_left\"><b>85 : <\/b>Apr\u00e8s son succ\u00e8s en terre anglaise, le PSG a 85 % de chances de se qualifier pour la finale. 13 \u00e9quipes se sont d\u00e9j\u00e0 impos\u00e9es \u00e0 l\u2019ext\u00e9rieur lors d\u2019une demi-finale de Ligue des champions. Et 11 de ces 13 ont ensuite valid\u00e9 leur ticket pour la finale.<\/p>\n<p class=\"paragraph text_align_left\"><b>31 : <\/b>Avant m\u00eame la rencontre \u00e0 l\u2019Emirates Stadium, le PSG avait d\u00e9j\u00e0 battu son record de buts lors d\u2019une saison europ\u00e9enne : 27 lors de l\u2019\u00e9dition 2017-2018. Avec le but de Demb\u00e9l\u00e9, le total est d\u00e9j\u00e0 de 31 buts cette saison.<\/p>\n<p class=\"paragraph text_align_left\"><b>26 :<\/b> L\u2019ouverture du score d\u2019<a href=\"https:\/\/www.leparisien.fr\/sports\/football\/psg\/\" target=\"_blank\" rel=\"noreferrer nofollow noopener\">Ousmane Demb\u00e9l\u00e9<\/a> d\u00e8s le d\u00e9but du match s\u2019est faite apr\u00e8s un encha\u00eenement de 26 passes cons\u00e9cutives. Jamais depuis qu\u2019Opta, l\u2019organisme de r\u00e9f\u00e9rence pour ce genre de statistiques, n\u2019analyse les rencontres, le PSG n\u2019avait r\u00e9ussi un tel exploit.<\/p>\n<p class=\"paragraph text_align_left\"><b>11 :<\/b> Ousmane Demb\u00e9l\u00e9 est impliqu\u00e9 dans 11 buts avec le PSG en Ligue des champions cette saison : 8 buts et 3 passes d\u00e9cisives. Il \u00e9gale le record parisien d\u00e9tenu par Kylian Mbapp\u00e9 lors de la saison 2020-2021. L\u00e0 aussi, le d\u00e9sormais madril\u00e8ne avait comptabilis\u00e9 8 buts et 3 passes d\u00e9cisives.<\/p>\n<p class=\"paragraph text_align_left\"><b>5 : <\/b>Paris a disput\u00e9 hier son 19e match europ\u00e9en sur le sol anglais. Son bilan est d\u00e9sormais de cinq succ\u00e8s, quatre matchs nuls et dix revers.<\/p>\n<p class=\"paragraph text_align_left\"><b>2 :<\/b> Seules 2 \u00e9quipes avaient battu Arsenal \u00e0 l\u2018Emirates cette saison : West Ham et Newcastle (coupe de la ligue).<\/p>\n<p class=\"paragraph text_align_left\"><b>1 :<\/b> Le PSG est le premier club fran\u00e7ais \u00e0 s\u2019imposer \u00e0 l\u2019ext\u00e9rieur, hors rencontre sur terrain neutre, en demi-finale de Ligue des champions, depuis l\u2019Olympique de Marseille chez le Spartak Moscou le 10 avril 1991. Cette ann\u00e9e-l\u00e0, l\u2019OM \u00e9tait all\u00e9 en finale, perdue contre l\u2019\u00c9toile Rouge de Belgrade.<\/p>\n<p class=\"paragraph text_align_left\"><b>1 : <\/b>Jamais une \u00e9quipe, avant le PSG, n\u2019avait r\u00e9ussi \u00e0 battre, dans une m\u00eame \u00e9dition de Ligue des champions, quatre clubs anglais (Manchester City, Liverpool, Aston Villa et Arsenal)<\/p>\n<p class=\"paragraph text_align_left\"><b>1 :<\/b> Une seule \u00e9quipe fran\u00e7aise avait battu Arsenal \u00e0 l\u2019Emirates : Monaco, en 2014-2015.<\/p>\n","protected":false},"excerpt":{"rendered":"La victoire du PSG ce mardi soir \u00e0 Arsenal en demi-finale de Ligue des champions, ce n\u2019est pas&hellip;\n","protected":false},"author":2,"featured_media":63913,"comment_status":"","ping_status":"","sticky":false,"template":"","format":"standard","meta":{"footnotes":""},"categories":[1888],"tags":[11,1777,674,63,1011,27,447,12,626,25,60],"class_list":{"0":"post-63912","1":"post","2":"type-post","3":"status-publish","4":"format-standard","5":"has-post-thumbnail","7":"category-paris","8":"tag-actualites","9":"tag-eu","10":"tag-europe","11":"tag-football","12":"tag-fr","13":"tag-france","14":"tag-ligue-des-champions","15":"tag-news","16":"tag-paris","17":"tag-republique-francaise","18":"tag-sports"},"share_on_mastodon":{"url":"https:\/\/pubeurope.com\/@fr\/114425962421816858","error":""},"_links":{"self":[{"href":"https:\/\/www.europesays.com\/fr\/wp-json\/wp\/v2\/posts\/63912","targetHints":{"allow":["GET"]}}],"collection":[{"href":"https:\/\/www.europesays.com\/fr\/wp-json\/wp\/v2\/posts"}],"about":[{"href":"https:\/\/www.europesays.com\/fr\/wp-json\/wp\/v2\/types\/post"}],"author":[{"embeddable":true,"href":"https:\/\/www.europesays.com\/fr\/wp-json\/wp\/v2\/users\/2"}],"replies":[{"embeddable":true,"href":"https:\/\/www.europesays.com\/fr\/wp-json\/wp\/v2\/comments?post=63912"}],"version-history":[{"count":0,"href":"https:\/\/www.europesays.com\/fr\/wp-json\/wp\/v2\/posts\/63912\/revisions"}],"wp:featuredmedia":[{"embeddable":true,"href":"https:\/\/www.europesays.com\/fr\/wp-json\/wp\/v2\/media\/63913"}],"wp:attachment":[{"href":"https:\/\/www.europesays.com\/fr\/wp-json\/wp\/v2\/media?parent=63912"}],"wp:term":[{"taxonomy":"category","embeddable":true,"href":"https:\/\/www.europesays.com\/fr\/wp-json\/wp\/v2\/categories?post=63912"},{"taxonomy":"post_tag","embeddable":true,"href":"https:\/\/www.europesays.com\/fr\/wp-json\/wp\/v2\/tags?post=63912"}],"curies":[{"name":"wp","href":"https:\/\/api.w.org\/{rel}","templated":true}]}}