{"id":639120,"date":"2026-01-03T21:48:11","date_gmt":"2026-01-03T21:48:11","guid":{"rendered":"https:\/\/www.europesays.com\/fr\/639120\/"},"modified":"2026-01-03T21:48:11","modified_gmt":"2026-01-03T21:48:11","slug":"a-gaza-la-desolation-absolue","status":"publish","type":"post","link":"https:\/\/www.europesays.com\/fr\/639120\/","title":{"rendered":"\u00e0 Gaza, la d\u00e9solation absolue"},"content":{"rendered":"<p>                     <img loading=\"lazy\" decoding=\"async\" src=\"https:\/\/www.europesays.com\/fr\/wp-content\/uploads\/2026\/01\/8c4ea14_upload-1-xxdkkrjuylip-ap25032132634596.jpg\" alt=\"&#10;Des Palestiniens au milieu des d\u00e9combres \u00e0 Jabaliya, le lendemain de l\u2019entr\u00e9e en vigueur de l\u2019accord de cessez-le-feu entre Isra\u00ebl et le Hamas, le 20\u00a0janvier 2025.\"   width=\"664\" height=\"443\"\/>    Des Palestiniens au milieu des d\u00e9combres \u00e0 Jabaliya, le lendemain de l\u2019entr\u00e9e en vigueur de l\u2019accord de cessez-le-feu entre Isra\u00ebl et le Hamas, le 20\u00a0janvier 2025.  ABED HAJJAR\/AP                 <\/p>\n<p class=\"article__paragraph  \">Un an\u00e9antissement. Lorsque des journalistes internationaux, dont Le\u00a0Monde, sont autoris\u00e9s, d\u00e9but octobre, \u00e0 p\u00e9n\u00e9trer quelques heures dans la ville de Gaza avec l\u2019arm\u00e9e isra\u00e9lienne, alors que l\u2019Etat h\u00e9breu continue de bombarder l\u2019enclave palestinienne nuit et jour et d\u2019interdire toute entr\u00e9e libre de m\u00e9dias, la vision est celle d\u2019une d\u00e9solation absolue, confirmant que, sauf dans quelques quartiers, la bande de Gaza a \u00e9t\u00e9 presque totalement d\u00e9truite, des villes enti\u00e8res ont \u00e9t\u00e9 ras\u00e9es, les populations d\u00e9plac\u00e9es, bless\u00e9es ou tu\u00e9es. \u00ab\u00a0Plus de 10\u00a0% des 2,2\u00a0millions d\u2019habitants de Gaza ont \u00e9t\u00e9 tu\u00e9s ou bless\u00e9s\u00a0\u00bb, a reconnu, en septembre, l\u2019ancien chef d\u2019\u00e9tat-major de l\u2019arm\u00e9e isra\u00e9lienne, Herzi Halevi, en poste jusqu\u2019en mars, validant les estimations globales donn\u00e9es par le minist\u00e8re de la sant\u00e9 de l\u2019enclave.<\/p>\n<p class=\"article__paragraph  \">Le bilan humain continuera longtemps de hanter le Moyen-Orient et de fa\u00e7onner son avenir. Plus de 25\u00a0000\u00a0Palestiniens ont \u00e9t\u00e9 tu\u00e9s par l\u2019arm\u00e9e isra\u00e9lienne pour la seule ann\u00e9e\u00a02025, la plus meurtri\u00e8re depuis le d\u00e9but du conflit, malgr\u00e9 deux cessez-le-feu, entre janvier et mars puis apr\u00e8s le 10\u00a0octobre. Ces morts s\u2019ajoutent \u00e0 ceux comptabilis\u00e9s en\u00a02024\u00a0(23\u00a0000 directement imputables \u00e0 la guerre) et en\u00a02023\u00a0(22\u00a0000 en trois mois). Soit <a href=\"https:\/\/www.lemonde.fr\/international\/article\/2025\/11\/29\/bande-de-gaza-plus-de-70-000-morts-selon-le-ministere-de-la-sante_6655393_3210.html\" target=\"_blank\" rel=\"noopener\">plus de 70\u00a0000\u00a0d\u00e9c\u00e8s au total recens\u00e9s par le minist\u00e8re de la sant\u00e9<\/a>, contr\u00f4l\u00e9 par le Hamas, dont les estimations sont jug\u00e9es fiables par les organisations internationales. Plus de 171\u00a0000\u00a0bless\u00e9s, dont des milliers d\u2019amput\u00e9s, s\u2019ajoutent \u00e0 ce bilan.<\/p>\n<p class=\"reading-mode-only \"><strong>Il vous reste 82.3% de cet article \u00e0 lire. La suite est r\u00e9serv\u00e9e aux abonn\u00e9s.<\/strong><\/p>\n","protected":false},"excerpt":{"rendered":"Des Palestiniens au milieu des d\u00e9combres \u00e0 Jabaliya, le lendemain de l\u2019entr\u00e9e en vigueur de l\u2019accord de cessez-le-feu&hellip;\n","protected":false},"author":2,"featured_media":639121,"comment_status":"","ping_status":"","sticky":false,"template":"","format":"standard","meta":{"footnotes":""},"categories":[5],"tags":[11,1011,27,14,12,28],"class_list":{"0":"post-639120","1":"post","2":"type-post","3":"status-publish","4":"format-standard","5":"has-post-thumbnail","7":"category-international","8":"tag-actualites","9":"tag-fr","10":"tag-france","11":"tag-international","12":"tag-news","13":"tag-world"},"share_on_mastodon":{"url":"https:\/\/pubeurope.com\/@fr\/115833372976993256","error":""},"_links":{"self":[{"href":"https:\/\/www.europesays.com\/fr\/wp-json\/wp\/v2\/posts\/639120","targetHints":{"allow":["GET"]}}],"collection":[{"href":"https:\/\/www.europesays.com\/fr\/wp-json\/wp\/v2\/posts"}],"about":[{"href":"https:\/\/www.europesays.com\/fr\/wp-json\/wp\/v2\/types\/post"}],"author":[{"embeddable":true,"href":"https:\/\/www.europesays.com\/fr\/wp-json\/wp\/v2\/users\/2"}],"replies":[{"embeddable":true,"href":"https:\/\/www.europesays.com\/fr\/wp-json\/wp\/v2\/comments?post=639120"}],"version-history":[{"count":0,"href":"https:\/\/www.europesays.com\/fr\/wp-json\/wp\/v2\/posts\/639120\/revisions"}],"wp:featuredmedia":[{"embeddable":true,"href":"https:\/\/www.europesays.com\/fr\/wp-json\/wp\/v2\/media\/639121"}],"wp:attachment":[{"href":"https:\/\/www.europesays.com\/fr\/wp-json\/wp\/v2\/media?parent=639120"}],"wp:term":[{"taxonomy":"category","embeddable":true,"href":"https:\/\/www.europesays.com\/fr\/wp-json\/wp\/v2\/categories?post=639120"},{"taxonomy":"post_tag","embeddable":true,"href":"https:\/\/www.europesays.com\/fr\/wp-json\/wp\/v2\/tags?post=639120"}],"curies":[{"name":"wp","href":"https:\/\/api.w.org\/{rel}","templated":true}]}}