{"id":639126,"date":"2026-01-03T21:51:11","date_gmt":"2026-01-03T21:51:11","guid":{"rendered":"https:\/\/www.europesays.com\/fr\/639126\/"},"modified":"2026-01-03T21:51:11","modified_gmt":"2026-01-03T21:51:11","slug":"des-risques-dinondation-et-de-verglas","status":"publish","type":"post","link":"https:\/\/www.europesays.com\/fr\/639126\/","title":{"rendered":"des risques d&rsquo;inondation et de verglas"},"content":{"rendered":"<p>En fin d\u2019apr\u00e8s-midi, ce samedi 3 janvier,\u00a0<a href=\"https:\/\/www.leprogres.fr\/economie\/2025\/10\/28\/fuite-d-eau-dans-la-grand-rue-un-chantier-complexe-de-quatre-semaines\" target=\"_blank\" rel=\"noopener\">une rupture de canalisation<\/a> est survenue rue du Portail-Rouge \u00e0 Saint-\u00c9tienne. L\u2019eau s\u2019\u00e9coule jusqu\u2019au cours Fauriel avec un fort d\u00e9bit, cr\u00e9ant ainsi un risque d\u2019inondation et de verglas, font savoir les sapeurs-pompiers de la Loire.<\/p>\n<p>Ce contenu est bloqu\u00e9 car vous n&rsquo;avez pas accept\u00e9 les cookies et autres traceurs.<\/p>\n<p>En cliquant sur \u00ab J\u2019accepte \u00bb, les cookies et autres traceurs seront d\u00e9pos\u00e9s et vous pourrez visualiser les contenus  (<a href=\"\" class=\"consentModule_policy\" target=\"_blank\" title=\"Consulter la politique de protection des donn\u00e9es du fournisseur\">plus d&rsquo;informations<\/a>).<\/p>\n<p>En cliquant sur \u00ab J\u2019accepte tous les cookies \u00bb, vous autorisez des d\u00e9p\u00f4ts de cookies et autres traceurs pour le stockage de vos donn\u00e9es sur nos sites et applications \u00e0 des fins de personnalisation et de ciblage publicitaire.<\/p>\n<p class=\"consentModule_secondaryText\">Vous gardez la possibilit\u00e9 de retirer votre consentement \u00e0 tout moment en consultant notre <a href=\"https:\/\/www.leprogres.fr\/protection-des-donnees\" target=\"_blank\" title=\"Consulter notre politique de protection des donn\u00e9es\" rel=\"noopener\">politique de protection des donn\u00e9es<\/a>. <br \/>&#13;<br \/>\n            <a href=\"https:\/\/www.leprogres.fr\/faits-divers-justice\/2026\/01\/03\/javascript:Didomi.notice.show()\" class=\"consentModule_cmp\" target=\"_blank\" rel=\"noopener\">G\u00e9rer mes choix<\/a>&#13;\n        <\/p>\n<p>&#13;<br \/>\n                        J&rsquo;accepte&#13;<br \/>\n            J&rsquo;accepte tous les cookies&#13;\n        <\/p>\n<p>  Deux rues ferm\u00e9es \u00e0 la circulation<\/p>\n<p>Le sinistre a provoqu\u00e9 des \u00ab\u00a0d\u00e9g\u00e2ts cons\u00e9quents sur la chauss\u00e9e et les trottoirs\u00a0\u00bb. Quatre sapeurs-pompiers, avec un v\u00e9hicule de protection, sont sur place, ainsi que les services techniques de la Ville, le service des eaux et les services de la Stas.<\/p>\n<p>Les rues du Portail-Rouge et d\u2019\u00c9mile-Clermont sont ferm\u00e9es \u00e0 la circulation et aux pi\u00e9tons. La Pr\u00e9fecture recommande d\u2019\u00e9viter le secteur.<\/p>\n","protected":false},"excerpt":{"rendered":"En fin d\u2019apr\u00e8s-midi, ce samedi 3 janvier,\u00a0une rupture de canalisation est survenue rue du Portail-Rouge \u00e0 Saint-\u00c9tienne. L\u2019eau&hellip;\n","protected":false},"author":2,"featured_media":639127,"comment_status":"","ping_status":"","sticky":false,"template":"","format":"standard","meta":{"footnotes":""},"categories":[9653],"tags":[1111,11,2430,7539,1777,674,274,107,1011,27,3367,12,25,4001,7538],"class_list":{"0":"post-639126","1":"post","2":"type-post","3":"status-publish","4":"format-standard","5":"has-post-thumbnail","7":"category-saint-etienne","8":"tag-actu","9":"tag-actualites","10":"tag-auvergne-rhone-alpes","11":"tag-edition-loire-sud","12":"tag-eu","13":"tag-europe","14":"tag-faits-divers-justice","15":"tag-fil-info","16":"tag-fr","17":"tag-france","18":"tag-loire","19":"tag-news","20":"tag-republique-francaise","21":"tag-saint-etienne","22":"tag-saint-etienne-ville"},"share_on_mastodon":{"url":"https:\/\/pubeurope.com\/@fr\/115833384672349666","error":""},"_links":{"self":[{"href":"https:\/\/www.europesays.com\/fr\/wp-json\/wp\/v2\/posts\/639126","targetHints":{"allow":["GET"]}}],"collection":[{"href":"https:\/\/www.europesays.com\/fr\/wp-json\/wp\/v2\/posts"}],"about":[{"href":"https:\/\/www.europesays.com\/fr\/wp-json\/wp\/v2\/types\/post"}],"author":[{"embeddable":true,"href":"https:\/\/www.europesays.com\/fr\/wp-json\/wp\/v2\/users\/2"}],"replies":[{"embeddable":true,"href":"https:\/\/www.europesays.com\/fr\/wp-json\/wp\/v2\/comments?post=639126"}],"version-history":[{"count":0,"href":"https:\/\/www.europesays.com\/fr\/wp-json\/wp\/v2\/posts\/639126\/revisions"}],"wp:featuredmedia":[{"embeddable":true,"href":"https:\/\/www.europesays.com\/fr\/wp-json\/wp\/v2\/media\/639127"}],"wp:attachment":[{"href":"https:\/\/www.europesays.com\/fr\/wp-json\/wp\/v2\/media?parent=639126"}],"wp:term":[{"taxonomy":"category","embeddable":true,"href":"https:\/\/www.europesays.com\/fr\/wp-json\/wp\/v2\/categories?post=639126"},{"taxonomy":"post_tag","embeddable":true,"href":"https:\/\/www.europesays.com\/fr\/wp-json\/wp\/v2\/tags?post=639126"}],"curies":[{"name":"wp","href":"https:\/\/api.w.org\/{rel}","templated":true}]}}