{"id":639132,"date":"2026-01-03T21:54:14","date_gmt":"2026-01-03T21:54:14","guid":{"rendered":"https:\/\/www.europesays.com\/fr\/639132\/"},"modified":"2026-01-03T21:54:14","modified_gmt":"2026-01-03T21:54:14","slug":"ligue-2-las-nancy-lorraine-demarre-bien-son-annee-avec-un-succes-a-amiens","status":"publish","type":"post","link":"https:\/\/www.europesays.com\/fr\/639132\/","title":{"rendered":"Ligue 2. L&rsquo;AS Nancy-Lorraine\u00a0d\u00e9marre bien son ann\u00e9e avec un succ\u00e8s \u00e0 Amiens \u00a0!"},"content":{"rendered":"<p>L&rsquo;ASNL r\u00e9attaquait l&rsquo;ann\u00e9e avec un voyage du c\u00f4t\u00e9 d&rsquo;Amiens ce samedi. Un match entre deux \u00e9quipes de la deuxi\u00e8me partie de tableau de L2, que Nancy a bien n\u00e9goci\u00e9, en attaquant fort avec un but d&rsquo;entr\u00e9e de Mendy sur corner (11e), puis un deuxi\u00e8me sign\u00e9 Fdaouch sur penalty (29e), venant r\u00e9compenser la bonne premi\u00e8re p\u00e9riode des Nanc\u00e9iens. Amiens est bien revenu \u00e0 2-1 par Rafii (72e), mais Nancy a su tenir son avantage \u00a0!<\/p>\n<p>&#13;<br \/>\n              Adrien Richard &#8211; &#13;<br \/>\n        &#13;<br \/>\n          Aujourd&rsquo;hui \u00e0 10:25&#13;<br \/>\n    &#13;<br \/>\n                  | mis \u00e0 jour aujourd&rsquo;hui \u00e0 22:06&#13;<br \/>\n              &#8211; Temps de lecture : &#13;<br \/>\n  &#13;<\/p>\n","protected":false},"excerpt":{"rendered":"L&rsquo;ASNL r\u00e9attaquait l&rsquo;ann\u00e9e avec un voyage du c\u00f4t\u00e9 d&rsquo;Amiens ce samedi. Un match entre deux \u00e9quipes de la&hellip;\n","protected":false},"author":2,"featured_media":639133,"comment_status":"","ping_status":"","sticky":false,"template":"","format":"standard","meta":{"footnotes":""},"categories":[9635],"tags":[1111,11,3703,3545,3602,1707,1704,1706,1705,10174,1777,674,107,1701,63,1011,27,775,1702,12,25,517,1700],"class_list":{"0":"post-639132","1":"post","2":"type-post","3":"status-publish","4":"format-standard","5":"has-post-thumbnail","7":"category-nancy","8":"tag-actu","9":"tag-actualites","10":"tag-asnl","11":"tag-direct-sport","12":"tag-edition-bar-le-duc","13":"tag-edition-luneville","14":"tag-edition-nancy-et-agglomeration","15":"tag-edition-pont-a-mousson","16":"tag-edition-toul","17":"tag-edition-verdun","18":"tag-eu","19":"tag-europe","20":"tag-fil-info","21":"tag-fil-info-sport","22":"tag-football","23":"tag-fr","24":"tag-france","25":"tag-grand-est","26":"tag-nancy","27":"tag-news","28":"tag-republique-francaise","29":"tag-sport","30":"tag-sport-lorrain"},"share_on_mastodon":{"url":"","error":""},"_links":{"self":[{"href":"https:\/\/www.europesays.com\/fr\/wp-json\/wp\/v2\/posts\/639132","targetHints":{"allow":["GET"]}}],"collection":[{"href":"https:\/\/www.europesays.com\/fr\/wp-json\/wp\/v2\/posts"}],"about":[{"href":"https:\/\/www.europesays.com\/fr\/wp-json\/wp\/v2\/types\/post"}],"author":[{"embeddable":true,"href":"https:\/\/www.europesays.com\/fr\/wp-json\/wp\/v2\/users\/2"}],"replies":[{"embeddable":true,"href":"https:\/\/www.europesays.com\/fr\/wp-json\/wp\/v2\/comments?post=639132"}],"version-history":[{"count":0,"href":"https:\/\/www.europesays.com\/fr\/wp-json\/wp\/v2\/posts\/639132\/revisions"}],"wp:featuredmedia":[{"embeddable":true,"href":"https:\/\/www.europesays.com\/fr\/wp-json\/wp\/v2\/media\/639133"}],"wp:attachment":[{"href":"https:\/\/www.europesays.com\/fr\/wp-json\/wp\/v2\/media?parent=639132"}],"wp:term":[{"taxonomy":"category","embeddable":true,"href":"https:\/\/www.europesays.com\/fr\/wp-json\/wp\/v2\/categories?post=639132"},{"taxonomy":"post_tag","embeddable":true,"href":"https:\/\/www.europesays.com\/fr\/wp-json\/wp\/v2\/tags?post=639132"}],"curies":[{"name":"wp","href":"https:\/\/api.w.org\/{rel}","templated":true}]}}