{"id":63914,"date":"2025-04-30T08:26:13","date_gmt":"2025-04-30T08:26:13","guid":{"rendered":"https:\/\/www.europesays.com\/fr\/63914\/"},"modified":"2025-04-30T08:26:13","modified_gmt":"2025-04-30T08:26:13","slug":"environ-600-soldats-nord-coreens-tues-au-combat-au-cote-de-la-russie-selon-un-depute-sud-coreen","status":"publish","type":"post","link":"https:\/\/www.europesays.com\/fr\/63914\/","title":{"rendered":"environ 600 soldats nord-cor\u00e9ens tu\u00e9s au combat au c\u00f4t\u00e9 de la Russie, selon un d\u00e9put\u00e9 sud-cor\u00e9en"},"content":{"rendered":"<p>Environ 600 soldats nord-cor\u00e9ens ont \u00e9t\u00e9 tu\u00e9s en combattant au c\u00f4t\u00e9 des forces russes dans leur guerre contre l&rsquo;Ukraine, a affirm\u00e9 mercredi 30 avril un d\u00e9put\u00e9 sud-cor\u00e9en sp\u00e9cialiste du renseignement.<\/p>\n<p>\u00ab Jusqu&rsquo;\u00e0 pr\u00e9sent, les pertes des troupes nord-cor\u00e9ennes sont estim\u00e9es \u00e0 environ 4 700, dont environ 600 morts \u00bb, a d\u00e9clar\u00e9 \u00e0 la presse le d\u00e9put\u00e9 Lee Seong-kweun, membre de la commission parlementaire du renseignement, au sortir d&rsquo;un briefing avec les services secrets sud-cor\u00e9ens.<\/p>\n<p>Environ 2 000 soldats bless\u00e9s ont \u00e9t\u00e9 rapatri\u00e9s en <strong><a href=\"https:\/\/www.rfi.fr\/fr\/tag\/cor\u00e9e-du-nord\/\" class=\"link \" rel=\"nofollow noopener\" target=\"_blank\" data-ylk=\"slk:Cor\u00e9e du Nord;elm:context_link;itc:0;sec:content-canvas\">Cor\u00e9e du Nord<\/a><\/strong> entre janvier et mars par voie a\u00e9rienne et ferroviaire, et ils seraient plac\u00e9s \u00e0 l&rsquo;isolement \u00e0 Pyongyang et dans d&rsquo;autres r\u00e9gions du pays, a poursuivi Lee Seong-kweun. Quant aux morts, leurs corps ont \u00e9t\u00e9 incin\u00e9r\u00e9s en <strong><a href=\"https:\/\/www.rfi.fr\/fr\/tag\/russie\/\" class=\"link \" rel=\"nofollow noopener\" target=\"_blank\" data-ylk=\"slk:Russie;elm:context_link;itc:0;sec:content-canvas\">Russie<\/a><\/strong> et leurs cendres rapatri\u00e9es en Cor\u00e9e du Nord, selon lui.<\/p>\n<p>\u00ab La Cor\u00e9e du Nord a soutenu la reprise de Koursk par la Russie en d\u00e9ployant 18 000 soldats en deux phases. Depuis le mois de mars, date de la reprise effective de Koursk, le nombre d&rsquo;affrontements a diminu\u00e9 \u00bb, a expliqu\u00e9 le d\u00e9put\u00e9. D&rsquo;apr\u00e8s lui, \u00ab la possibilit\u00e9 d&rsquo;une troisi\u00e8me phase ne peut pas \u00eatre totalement exclue \u00bb, m\u00eame si Pyongyang n&rsquo;a pour le moment donn\u00e9 aucun signe laissant pr\u00e9sager l&rsquo;envoi de nouvelles troupes en Russie.<\/p>\n<p>Capacit\u00e9 de combat \u00ab am\u00e9lior\u00e9e \u00bb<\/p>\n<p>Les soldats envoy\u00e9s en Russie, qui appartiendraient aux forces sp\u00e9ciales, ont re\u00e7u l&rsquo;ordre de se suicider plut\u00f4t que d&rsquo;\u00eatre faits prisonniers, avait pr\u00e9c\u00e9demment d\u00e9clar\u00e9 S\u00e9oul.<\/p>\n<p><a href=\"https:\/\/www.rfi.fr\/fr\/asie-pacifique\/20250430-ukraine-environ-600-soldats-nord-cor%C3%A9ens-tu%C3%A9s-au-combat-au-c%C3%B4t%C3%A9-de-la-russie-selon-un-d%C3%A9put%C3%A9-sud-cor%C3%A9en\" rel=\"nofollow noopener\" target=\"_blank\" data-ylk=\"slk:Lire la suite sur RFI;elm:context_link;itc:0;sec:content-canvas\" class=\"link \">Lire la suite sur RFI<\/a><\/p>\n","protected":false},"excerpt":{"rendered":"Environ 600 soldats nord-cor\u00e9ens ont \u00e9t\u00e9 tu\u00e9s en combattant au c\u00f4t\u00e9 des forces russes dans leur guerre contre&hellip;\n","protected":false},"author":2,"featured_media":63915,"comment_status":"","ping_status":"","sticky":false,"template":"","format":"standard","meta":{"footnotes":""},"categories":[1591],"tags":[11,13987,422,1887,566,16274,16275,12,1885,1886,132],"class_list":{"0":"post-63914","1":"post","2":"type-post","3":"status-publish","4":"format-standard","5":"has-post-thumbnail","7":"category-russie","8":"tag-actualites","9":"tag-coree-du-nord","10":"tag-depute","11":"tag-federation-de-russie","12":"tag-forces-speciales","13":"tag-lee-seong-kweun","14":"tag-les-soldats","15":"tag-news","16":"tag-russia","17":"tag-russian-federation","18":"tag-russie"},"share_on_mastodon":{"url":"https:\/\/pubeurope.com\/@fr\/114425966413654520","error":""},"_links":{"self":[{"href":"https:\/\/www.europesays.com\/fr\/wp-json\/wp\/v2\/posts\/63914","targetHints":{"allow":["GET"]}}],"collection":[{"href":"https:\/\/www.europesays.com\/fr\/wp-json\/wp\/v2\/posts"}],"about":[{"href":"https:\/\/www.europesays.com\/fr\/wp-json\/wp\/v2\/types\/post"}],"author":[{"embeddable":true,"href":"https:\/\/www.europesays.com\/fr\/wp-json\/wp\/v2\/users\/2"}],"replies":[{"embeddable":true,"href":"https:\/\/www.europesays.com\/fr\/wp-json\/wp\/v2\/comments?post=63914"}],"version-history":[{"count":0,"href":"https:\/\/www.europesays.com\/fr\/wp-json\/wp\/v2\/posts\/63914\/revisions"}],"wp:featuredmedia":[{"embeddable":true,"href":"https:\/\/www.europesays.com\/fr\/wp-json\/wp\/v2\/media\/63915"}],"wp:attachment":[{"href":"https:\/\/www.europesays.com\/fr\/wp-json\/wp\/v2\/media?parent=63914"}],"wp:term":[{"taxonomy":"category","embeddable":true,"href":"https:\/\/www.europesays.com\/fr\/wp-json\/wp\/v2\/categories?post=63914"},{"taxonomy":"post_tag","embeddable":true,"href":"https:\/\/www.europesays.com\/fr\/wp-json\/wp\/v2\/tags?post=63914"}],"curies":[{"name":"wp","href":"https:\/\/api.w.org\/{rel}","templated":true}]}}