{"id":639144,"date":"2026-01-03T22:02:12","date_gmt":"2026-01-03T22:02:12","guid":{"rendered":"https:\/\/www.europesays.com\/fr\/639144\/"},"modified":"2026-01-03T22:02:12","modified_gmt":"2026-01-03T22:02:12","slug":"ligue-2-de-nombreux-cartons-des-occasions-et-des-parades-revivez-la-mauvaise-operation-du-gf38-a-bastia","status":"publish","type":"post","link":"https:\/\/www.europesays.com\/fr\/639144\/","title":{"rendered":"Ligue 2. De nombreux cartons, des occasions et des parades&#8230; Revivez la mauvaise op\u00e9ration du GF38 \u00e0 Bastia"},"content":{"rendered":"<p>Malgr\u00e9 une bonne premi\u00e8re p\u00e9riode, les hommes de Franck Rizzetto ont \u00e9t\u00e9 cueillis juste avant la pause par un but de Sebas ce samedi (1-0). En difficult\u00e9 pour se cr\u00e9er des occasions, les joueurs du GF38 ont conc\u00e9d\u00e9 leur septi\u00e8me revers de la saison et descendent \u00e0 la 13e place. Une bien mauvaise op\u00e9ration. Revivez la rencontre.<\/p>\n<p>&#13;<br \/>\n              S.B. (avec L.A., \u00e0 Bastia) &#8211; &#13;<br \/>\n        &#13;<br \/>\n          Aujourd&rsquo;hui \u00e0 22:03&#13;<br \/>\n    &#13;<br \/>\n                  | mis \u00e0 jour aujourd&rsquo;hui \u00e0 22:03&#13;<br \/>\n              &#8211; Temps de lecture : &#13;<br \/>\n  &#13;<\/p>\n","protected":false},"excerpt":{"rendered":"Malgr\u00e9 une bonne premi\u00e8re p\u00e9riode, les hommes de Franck Rizzetto ont \u00e9t\u00e9 cueillis juste avant la pause par&hellip;\n","protected":false},"author":2,"featured_media":639145,"comment_status":"","ping_status":"","sticky":false,"template":"","format":"standard","meta":{"footnotes":""},"categories":[9566],"tags":[1111,11,2430,3545,112,113,114,1777,674,1701,63,1011,27,12637,2731,2732,108,12636,12,25,517,1947],"class_list":{"0":"post-639144","1":"post","2":"type-post","3":"status-publish","4":"format-standard","5":"has-post-thumbnail","7":"category-grenoble","8":"tag-actu","9":"tag-actualites","10":"tag-auvergne-rhone-alpes","11":"tag-direct-sport","12":"tag-edition-grenoble-agglomeration","13":"tag-edition-gresivaudan-oisans","14":"tag-edition-voiron-saint-marcellin","15":"tag-eu","16":"tag-europe","17":"tag-fil-info-sport","18":"tag-football","19":"tag-fr","20":"tag-france","21":"tag-gf38-grenoble-foot-38","22":"tag-grenoble","23":"tag-grenoble-bassin","24":"tag-isere","25":"tag-ligue-2-football","26":"tag-news","27":"tag-republique-francaise","28":"tag-sport","29":"tag-sport-national"},"share_on_mastodon":{"url":"https:\/\/pubeurope.com\/@fr\/115833427898690266","error":""},"_links":{"self":[{"href":"https:\/\/www.europesays.com\/fr\/wp-json\/wp\/v2\/posts\/639144","targetHints":{"allow":["GET"]}}],"collection":[{"href":"https:\/\/www.europesays.com\/fr\/wp-json\/wp\/v2\/posts"}],"about":[{"href":"https:\/\/www.europesays.com\/fr\/wp-json\/wp\/v2\/types\/post"}],"author":[{"embeddable":true,"href":"https:\/\/www.europesays.com\/fr\/wp-json\/wp\/v2\/users\/2"}],"replies":[{"embeddable":true,"href":"https:\/\/www.europesays.com\/fr\/wp-json\/wp\/v2\/comments?post=639144"}],"version-history":[{"count":0,"href":"https:\/\/www.europesays.com\/fr\/wp-json\/wp\/v2\/posts\/639144\/revisions"}],"wp:featuredmedia":[{"embeddable":true,"href":"https:\/\/www.europesays.com\/fr\/wp-json\/wp\/v2\/media\/639145"}],"wp:attachment":[{"href":"https:\/\/www.europesays.com\/fr\/wp-json\/wp\/v2\/media?parent=639144"}],"wp:term":[{"taxonomy":"category","embeddable":true,"href":"https:\/\/www.europesays.com\/fr\/wp-json\/wp\/v2\/categories?post=639144"},{"taxonomy":"post_tag","embeddable":true,"href":"https:\/\/www.europesays.com\/fr\/wp-json\/wp\/v2\/tags?post=639144"}],"curies":[{"name":"wp","href":"https:\/\/api.w.org\/{rel}","templated":true}]}}