{"id":639156,"date":"2026-01-03T22:12:36","date_gmt":"2026-01-03T22:12:36","guid":{"rendered":"https:\/\/www.europesays.com\/fr\/639156\/"},"modified":"2026-01-03T22:12:36","modified_gmt":"2026-01-03T22:12:36","slug":"sans-abri-en-sud-gironde-thibaut-a-passe-le-mois-de-decembre-dans-sa-voiture","status":"publish","type":"post","link":"https:\/\/www.europesays.com\/fr\/639156\/","title":{"rendered":"sans-abri en Sud-Gironde, Thibaut a pass\u00e9 le mois de d\u00e9cembre dans sa voiture"},"content":{"rendered":"<p>        <img decoding=\"async\" id=\"27269404\" src=\"https:\/\/www.europesays.com\/fr\/wp-content\/uploads\/2026\/01\/unnamed-12.jpg\" alt=\"Thibaut, 25\u00a0ans, s\u2019est retrouv\u00e9 sans solution de logement, contraint de dormir dans sa voiture.\" itemprop=\"contentURL\"\/><\/p>\n<p>    Thibaut, 25\u00a0ans, s\u2019est retrouv\u00e9 sans solution de logement, contraint de dormir dans sa voiture.<\/p>\n<p>V.\u00a0T.<\/p>\n<p>\u00ab\u00a0Je ne savais pas o\u00f9 aller. On ne sait pas vers qui se tourner dans cette situation.\u00a0\u00bb Alors il a enclench\u00e9 ce qu\u2019il appelle \u00ab\u00a0le mode survie\u00a0\u00bb. \u00c0 l\u2019arri\u00e8re de sa voiture, banquette couch\u00e9e, il se fait un nid. Pour dormir, il empile les couches\u00a0: deux joggings, pull et manteau, deux couettes. Il d\u00e9couvre le sommeil hach\u00e9 par le froid et la peur\u00a0: \u00ab\u00a0Je n\u2019ai jamais dormi plus de quatre heures d\u2019affil\u00e9e.\u00a0\u00bb Pour se r\u00e9chauffer, il allume la voiture \u2013 \u00ab\u00a0mais il faut \u00e9conomiser l\u2019essence\u00a0\u00bb \u2013 ou sort \u00ab\u00a0faire les 100 pas\u00a0\u00bb.<\/p>\n<p>L\u2019hygi\u00e8ne et la honte<\/p>\n<p>Un cercle vicieux tant la fatigue s\u2019accumule. \u00ab\u00a0Plus il y a de fatigue, moins on r\u00e9fl\u00e9chit.\u00a0\u00bb Il mange ce qu\u2019il peut avec ce qu\u2019il lui reste sur le compte et un peu d\u2019aide d\u2019amis ou de famille. \u00ab\u00a0Il n\u2019y avait qu\u2019un repas par jour, et par moments je ne mangeais pas.\u00a0\u00bb<\/p>\n<p>Il cherche du chaud dans les all\u00e9es du Leclerc, profite des toilettes des magasins, y remplit quelques bouteilles d\u2019eau et y fait un minimum de toilette. Loin d\u2019\u00eatre suffisant\u00a0: \u00ab\u00a0Ma plus longue p\u00e9riode sans douche a \u00e9t\u00e9 du 3 au 15\u00a0d\u00e9cembre. On a du d\u00e9o ou du parfum, mais \u00e7a ne couvre pas toutes les odeurs.\u00a0\u00bb Avec les odeurs vient \u00ab\u00a0\u00e9norm\u00e9ment de honte\u00a0\u00bb d\u2019\u00eatre dans cette situation. Et des difficult\u00e9s \u00e0 en parler\u00a0: \u00ab\u00a0Les gens qui n\u2019ont rien, on garde tout pour nous, on remet toute notre vie en question.\u00a0\u00bb<\/p>\n<blockquote><p>\u00ab\u00a0C\u2019est un encha\u00eenement de situations de la vie qui fait que l\u2019on tombe et que la pente est longue \u00e0 remonter\u00a0\u00bb<\/p><\/blockquote>\n<p>Thibaut se confie sans fard \u00ab\u00a0parce que je veux que les gens se rendent compte que ce n\u2019est pas notre faute\u00a0\u00bb. Il porte un gros pull \u00e0 capuche et une veste en polaire par-dessus qu\u2019il ne prend pas tout de suite la peine de fermer, <a href=\"https:\/\/www.sudouest.fr\/ile-de-france\/paris\/s-arreter-c-est-laisser-le-froid-entrer-dans-les-os-la-discipline-de-survie-de-deux-sans-abri-a-paris-27246088.php\" target=\"_blank\" rel=\"noopener\">malgr\u00e9 le froid humide qui s\u2019infiltre partout<\/a> ce vendredi 2\u00a0janvier au matin. Il a la voix \u00e9raill\u00e9e et un sourire jamais loin. La cigarette non plus, comme en t\u00e9moignent ses doigts jaunis.<\/p>\n<p>\u00ab\u00a0Remonter la pente\u00a0\u00bb<\/p>\n<p>\u00ab\u00a0C\u2019est un encha\u00eenement de situations de la vie qui fait que l\u2019on tombe et que la pente est longue \u00e0 remonter.\u00a0\u00bb Difficult\u00e9s familiales, harc\u00e8lement au coll\u00e8ge, d\u00e9pression, adolescence en foyer, alcool et cannabis pendant un temps, rupture amoureuse. Sa liste est longue. \u00ab\u00a0\u00c7a fait mal moralement, mais \u00e7a forge aussi. La haine qu\u2019on a de tout \u00e7a force \u00e0 ne pas baisser les bras.\u00a0\u00bb<\/p>\n<p>Il voit en ce d\u00e9but d\u2019ann\u00e9e une note d\u2019espoir. Depuis trois jours, il dort au chaud chez des amis puis rejoindra une colocation d\u00e9nich\u00e9e par l\u2019association Envole toit Sud-Gironde, qui vient en aide aux personnes sans abri \u2013 <a href=\"https:\/\/www.sudouest.fr\/societe\/solidarite\/l-association-envole-toit-sud-gironde-alerte-les-pouvoirs-publics-sur-le-manque-d-hebergements-pour-les-sans-abri-26803766.php\" target=\"_blank\" rel=\"noopener\">\u00ab\u00a0ici, il n\u2019y a pas de solutions d\u2019h\u00e9bergement d\u2019urgence \u00e0 part avec eux\u00a0\u00bb<\/a>, explique-t-il, ayant lui-m\u00eame mis du temps \u00e0 trouver le bon interlocuteur par l\u2019interm\u00e9diaire de la Mission locale.<\/p>\n<p>Son plus grand espoir, surtout, vient des deux entretiens d\u2019embauche qu\u2019il a pass\u00e9 pour travailler dans la grande distribution. Avec les 67 centimes qu\u2019il lui reste sur le compte, envisager un smic est \u00ab\u00a0un r\u00eave\u00a0\u00bb. \u00ab\u00a0Pour moi, le plus important, malgr\u00e9 le froid, c\u2019est le travail.\u00a0\u00bb Cette premi\u00e8re \u00e9tape qui lui permettrait \u00ab\u00a0de remonter la pente\u00a0\u00bb.<\/p>\n","protected":false},"excerpt":{"rendered":"Thibaut, 25\u00a0ans, s\u2019est retrouv\u00e9 sans solution de logement, contraint de dormir dans sa voiture. V.\u00a0T. \u00ab\u00a0Je ne savais&hellip;\n","protected":false},"author":2,"featured_media":639157,"comment_status":"","ping_status":"","sticky":false,"template":"","format":"standard","meta":{"footnotes":""},"categories":[2817],"tags":[1111,11,1997,1777,674,1011,27,12,2219,25],"class_list":{"0":"post-639156","1":"post","2":"type-post","3":"status-publish","4":"format-standard","5":"has-post-thumbnail","7":"category-bordeaux","8":"tag-actu","9":"tag-actualites","10":"tag-bordeaux","11":"tag-eu","12":"tag-europe","13":"tag-fr","14":"tag-france","15":"tag-news","16":"tag-nouvelle-aquitaine","17":"tag-republique-francaise"},"share_on_mastodon":{"url":"https:\/\/pubeurope.com\/@fr\/115833467361738290","error":""},"_links":{"self":[{"href":"https:\/\/www.europesays.com\/fr\/wp-json\/wp\/v2\/posts\/639156","targetHints":{"allow":["GET"]}}],"collection":[{"href":"https:\/\/www.europesays.com\/fr\/wp-json\/wp\/v2\/posts"}],"about":[{"href":"https:\/\/www.europesays.com\/fr\/wp-json\/wp\/v2\/types\/post"}],"author":[{"embeddable":true,"href":"https:\/\/www.europesays.com\/fr\/wp-json\/wp\/v2\/users\/2"}],"replies":[{"embeddable":true,"href":"https:\/\/www.europesays.com\/fr\/wp-json\/wp\/v2\/comments?post=639156"}],"version-history":[{"count":0,"href":"https:\/\/www.europesays.com\/fr\/wp-json\/wp\/v2\/posts\/639156\/revisions"}],"wp:featuredmedia":[{"embeddable":true,"href":"https:\/\/www.europesays.com\/fr\/wp-json\/wp\/v2\/media\/639157"}],"wp:attachment":[{"href":"https:\/\/www.europesays.com\/fr\/wp-json\/wp\/v2\/media?parent=639156"}],"wp:term":[{"taxonomy":"category","embeddable":true,"href":"https:\/\/www.europesays.com\/fr\/wp-json\/wp\/v2\/categories?post=639156"},{"taxonomy":"post_tag","embeddable":true,"href":"https:\/\/www.europesays.com\/fr\/wp-json\/wp\/v2\/tags?post=639156"}],"curies":[{"name":"wp","href":"https:\/\/api.w.org\/{rel}","templated":true}]}}