{"id":63916,"date":"2025-04-30T08:27:10","date_gmt":"2025-04-30T08:27:10","guid":{"rendered":"https:\/\/www.europesays.com\/fr\/63916\/"},"modified":"2025-04-30T08:27:10","modified_gmt":"2025-04-30T08:27:10","slug":"guerre-en-ukraine-des-frappes-russes-sur-kharkiv-et-dnipro-font-au-moins-1-mort-et-pres-de-40-blesses","status":"publish","type":"post","link":"https:\/\/www.europesays.com\/fr\/63916\/","title":{"rendered":"Guerre en Ukraine : des frappes russes sur Kharkiv et Dnipro font au moins 1 mort et pr\u00e8s de 40 bless\u00e9s"},"content":{"rendered":"<p><img decoding=\"async\" class=\"c-ad__placeholder__logo\" src=\"https:\/\/www.europesays.com\/fr\/wp-content\/uploads\/2025\/03\/logo-euronews-grey-6-180x22.svg.svg+xml\" width=\"180\" height=\"22\" alt=\"\" loading=\"lazy\"\/>PUBLICIT\u00c9<\/p>\n<p>L&rsquo;arm\u00e9e russe a massivement attaqu\u00e9 <strong>Dnipro<\/strong> avec des drones, une s\u00e9rie d&rsquo;explosions a eu lieu dans la ville.<\/p>\n<p>\u00ab\u00a0Une nuit difficile pour Dnipro. L&rsquo;ennemi a lanc\u00e9 une attaque massive de sachets sur la ville\u00a0\u00bb, a comment\u00e9 mercredi matin le chef de la r\u00e9gion de Dnipropetrovsk, Sergei Lysak, \u00e0 propos des frappes russes, pr\u00e9cisant qu&rsquo;un homme de 53 ans avait \u00e9t\u00e9 tu\u00e9 et qu&rsquo;un habitant de 78 ans avait \u00e9t\u00e9 bless\u00e9.<\/p>\n<p><img decoding=\"async\" src=\"https:\/\/www.europesays.com\/fr\/wp-content\/uploads\/2025\/03\/icon-cross-10x10-grey-6.svg.svg+xml\" width=\"10\" height=\"10\" alt=\"Close advertising\" fetchpriority=\"high\" loading=\"lazy\"\/><\/p>\n<p>Selon le fonctionnaire, les destructions les plus importantes ont \u00e9t\u00e9 observ\u00e9es dans le secteur priv\u00e9 : au moins cinq maisons ont \u00e9t\u00e9 endommag\u00e9es. Des incendies se sont d\u00e9clar\u00e9s dans plusieurs quartiers du centre r\u00e9gional, qui ont d\u00e9j\u00e0 \u00e9t\u00e9 \u00e9teints.<\/p>\n<p>Tard dans la nuit dans la nuit de mardi \u00e0 mercredi, les troupes russes ont frapp\u00e9 <strong>Kharkiv<\/strong> avec au moins 15 drones de type Geran-2, a d\u00e9clar\u00e9 le chef du bureau du procureur r\u00e9gional de Kharkiv, Spartak Borisenko, cit\u00e9 par les m\u00e9dias ukrainiens.<\/p>\n<p>Les districts de Kiev, Nemyshlanskyi, Slobodskyi, Saltovskyi et Shevchenkivskyi de la ville ont \u00e9t\u00e9 attaqu\u00e9s.<\/p>\n<p>Selon les derni\u00e8res informations, 45 personnes ont \u00e9t\u00e9 bless\u00e9es dans l&rsquo;attaque, dont un adolescent de 16 ans, une fillette de 5 ans et une femme enceinte.<\/p>\n<p>Le chef de l&rsquo;administration r\u00e9gionale, Oleg Sinegubov, a fourni des d\u00e9tails sur Telegram :<\/p>\n<ul>\n<li>31 personnes ont souffert d&rsquo;une \u00ab\u00a0r\u00e9action de stress aigu\u00a0\u00bb,<\/li>\n<li>14 personnes ont \u00e9t\u00e9 bless\u00e9es \u00e0 des degr\u00e9s divers de gravit\u00e9,<\/li>\n<li>5 personnes ont \u00e9t\u00e9 hospitalis\u00e9es.<\/li>\n<\/ul>\n<p>Le fonctionnaire a \u00e9galement ajout\u00e9 que 13 \u00e9quipes m\u00e9dicales d&rsquo;urgence ont \u00e9t\u00e9 d\u00e9ploy\u00e9es pour aider les bless\u00e9s \u00e0 Kharkiv.<\/p>\n<p>Une attaque de drone ukrainien \u00e0 Koursk<\/p>\n<p>Selon les autorit\u00e9s locales, trois personnes ont \u00e9t\u00e9 bless\u00e9es lors de frappes de drones ukrainiens dans la <strong>r\u00e9gion de Koursk<\/strong>.<\/p>\n<p>Le gouverneur par int\u00e9rim, Alexander Khinshtein, <a href=\"https:\/\/t.me\/Hinshtein\/11361\" target=\"_blank\" rel=\"noreferrer nofollow\">a fait \u00e9tat<\/a> sur Telegram des frappes de drones dans la banlieue de Rylsk, ajoutant que trois personnes avaient \u00e9t\u00e9 bless\u00e9es, dont deux hospitalis\u00e9es. Plusieurs maisons d&rsquo;habitation et un jardin d&rsquo;enfants ont \u00e9t\u00e9 endommag\u00e9s.<\/p>\n<p>Un incendie majeur s&rsquo;est d\u00e9clar\u00e9 dans un entrep\u00f4t dans la ville de <strong>Mourom<\/strong> \u00e0 la suite d&rsquo;une frappe de drone.<\/p>\n<p>\u00ab\u00a0L&rsquo;arriv\u00e9e de plusieurs drones a \u00e9t\u00e9 enregistr\u00e9e, ils ont \u00e9t\u00e9 supprim\u00e9s \u00e0 l&rsquo;aide du REB\u00a0\u00bb, a d\u00e9clar\u00e9 le gouverneur de la r\u00e9gion de Vladimir, Alexander Avdeev.<\/p>\n<p>Deux b\u00e2timents industriels ont \u00e9t\u00e9 endommag\u00e9s, l&rsquo;un d&rsquo;entre eux a pris feu. Le fonctionnaire n&rsquo;a pas pr\u00e9cis\u00e9 de quelle entreprise il s&rsquo;agissait. Le canal ukrainien Exilenova+, qui analyse les informations provenant de sources ouvertes, affirme qu&rsquo;il s&rsquo;agit d&rsquo;une usine de fabrication d&rsquo;instruments et de \u00ab\u00a0poudre \u00e0 canon\u00a0\u00bb situ\u00e9e dans le quartier de Verbovsky.<\/p>\n<p>Le minist\u00e8re russe de la d\u00e9fense <a href=\"https:\/\/t.me\/mod_russia\/51951\" target=\"_blank\" rel=\"noreferrer nofollow\">a indiqu\u00e9<\/a> que les forces de d\u00e9fense a\u00e9rienne avaient d\u00e9truit dans la nuit <strong>34 drones ukrainiens<\/strong> sur le territoire de cinq r\u00e9gions, dont la r\u00e9gion de Vladimir.<\/p>\n<p>Donald Trump \u00ab\u00a0pense\u00a0\u00bb que Vladimir Poutine \u00ab\u00a0veut la paix\u00a0\u00bb<\/p>\n<p>Le pr\u00e9sident am\u00e9ricain Donald Trump a d\u00e9clar\u00e9 mardi \u00e0 ABC, \u00e0 l&rsquo;occasion <strong>des 100 jours de son retour<\/strong> \u00e0 la Maison Blanche, que son homologue russe \u00ab\u00a0veut la paix\u00a0\u00bb en Ukraine, quelques jours apr\u00e8s avoir exprim\u00e9 des doutes sur les intentions de Vladimir Poutine.<\/p>\n<p><img decoding=\"async\" class=\"c-ad__placeholder__logo\" src=\"https:\/\/www.europesays.com\/fr\/wp-content\/uploads\/2025\/03\/logo-euronews-grey-6-180x22.svg.svg+xml\" width=\"180\" height=\"22\" alt=\"\" loading=\"lazy\"\/>PUBLICIT\u00c9<\/p>\n<p>Interrog\u00e9 par un journaliste de la cha\u00eene ABC pour savoir s&rsquo;il pensait que le pr\u00e9sident russe souhaitait r\u00e9ellement mettre fin \u00e0 la guerre en Ukraine, <\/p>\n<p>Donald Trump a r\u00e9pondu: \u00ab\u00a0Je pense que oui\u00a0\u00bb.<\/p>\n<p>\u00ab\u00a0Il r\u00eavait de prendre le contr\u00f4le de tout le pays\u00a0\u00bb, a d\u00e9clar\u00e9 le r\u00e9publicain. \u00ab\u00a0Gr\u00e2ce \u00e0 moi, il n&rsquo;y parviendra pas\u00a0\u00bb, a-t-il ajout\u00e9.<\/p>\n<p>\u00c0 la question de savoir s&rsquo;il fait confiance au chef du Kremlin, Donald Trump a r\u00e9pondu: \u00ab\u00a0Je ne fais pas confiance \u00e0 beaucoup de gens du tout\u00a0\u00bb.<\/p>\n<p><img decoding=\"async\" class=\"c-ad__placeholder__logo\" src=\"https:\/\/www.europesays.com\/fr\/wp-content\/uploads\/2025\/03\/logo-euronews-grey-6-180x22.svg.svg+xml\" width=\"180\" height=\"22\" alt=\"\" loading=\"lazy\"\/>PUBLICIT\u00c9<\/p>\n<p>Samedi 26 avril, le pr\u00e9sident am\u00e9ricain a critiqu\u00e9 une nouvelle s\u00e9rie de frappes russes meurtri\u00e8res qui ont fait des victimes civiles en Ukraine.<\/p>\n<p>\u00ab\u00a0Cela me fait penser que peut-\u00eatre Poutine ne va pas arr\u00eater la guerre et qu&rsquo;il me m\u00e8ne par le bout du nez et qu&rsquo;il devrait \u00eatre trait\u00e9 diff\u00e9remment, par des sanctions bancaires ou secondaires ?\u00a0\u00bb, a \u00e9crit le dirigeant am\u00e9ricain sur sa plateforme Truth Social.<\/p>\n","protected":false},"excerpt":{"rendered":"PUBLICIT\u00c9 L&rsquo;arm\u00e9e russe a massivement attaqu\u00e9 Dnipro avec des drones, une s\u00e9rie d&rsquo;explosions a eu lieu dans la&hellip;\n","protected":false},"author":2,"featured_media":63917,"comment_status":"","ping_status":"","sticky":false,"template":"","format":"standard","meta":{"footnotes":""},"categories":[1590],"tags":[11,16276,1777,674,131,2025,1911,12,220,2023],"class_list":{"0":"post-63916","1":"post","2":"type-post","3":"status-publish","4":"format-standard","5":"has-post-thumbnail","7":"category-ukraine","8":"tag-actualites","9":"tag-dnipro","10":"tag-eu","11":"tag-europe","12":"tag-guerre-en-ukraine","13":"tag-invasion-de-la-russie-en-ukraine","14":"tag-kharkiv","15":"tag-news","16":"tag-ukraine","17":"tag-victimes"},"share_on_mastodon":{"url":"https:\/\/pubeurope.com\/@fr\/114425970292351938","error":""},"_links":{"self":[{"href":"https:\/\/www.europesays.com\/fr\/wp-json\/wp\/v2\/posts\/63916","targetHints":{"allow":["GET"]}}],"collection":[{"href":"https:\/\/www.europesays.com\/fr\/wp-json\/wp\/v2\/posts"}],"about":[{"href":"https:\/\/www.europesays.com\/fr\/wp-json\/wp\/v2\/types\/post"}],"author":[{"embeddable":true,"href":"https:\/\/www.europesays.com\/fr\/wp-json\/wp\/v2\/users\/2"}],"replies":[{"embeddable":true,"href":"https:\/\/www.europesays.com\/fr\/wp-json\/wp\/v2\/comments?post=63916"}],"version-history":[{"count":0,"href":"https:\/\/www.europesays.com\/fr\/wp-json\/wp\/v2\/posts\/63916\/revisions"}],"wp:featuredmedia":[{"embeddable":true,"href":"https:\/\/www.europesays.com\/fr\/wp-json\/wp\/v2\/media\/63917"}],"wp:attachment":[{"href":"https:\/\/www.europesays.com\/fr\/wp-json\/wp\/v2\/media?parent=63916"}],"wp:term":[{"taxonomy":"category","embeddable":true,"href":"https:\/\/www.europesays.com\/fr\/wp-json\/wp\/v2\/categories?post=63916"},{"taxonomy":"post_tag","embeddable":true,"href":"https:\/\/www.europesays.com\/fr\/wp-json\/wp\/v2\/tags?post=63916"}],"curies":[{"name":"wp","href":"https:\/\/api.w.org\/{rel}","templated":true}]}}