{"id":639162,"date":"2026-01-03T22:16:32","date_gmt":"2026-01-03T22:16:32","guid":{"rendered":"https:\/\/www.europesays.com\/fr\/639162\/"},"modified":"2026-01-03T22:16:32","modified_gmt":"2026-01-03T22:16:32","slug":"lille-rennes-les-compos-officielles-avec-giroud-mais-ses-les-africains-retenus-a-la-can","status":"publish","type":"post","link":"https:\/\/www.europesays.com\/fr\/639162\/","title":{"rendered":"Lille &#8211; Rennes, les compos officielles avec Giroud mais ses les Africains retenus \u00e0 la CAN"},"content":{"rendered":"<p>Pour le compte de la 17e journ\u00e9e de Ligue 1, Lille re\u00e7oit Rennes ce samedi soir (21h05, sur Ligue 1+) au Stade Pierre-Mauroy.<\/p>\n<p>Priv\u00e9 de plusieurs \u00e9l\u00e9ments majeurs, l\u2019entra\u00eeneur du LOSC, Bruno Genesio, doit faire sans Tour\u00e9, Gomes, Mbapp\u00e9 et Raghouber, tous bless\u00e9s. Perraud purge une suspension, tandis que Mandi, Mbemba, Mukau et Igamane participent \u00e0 la Coupe d\u2019Afrique des Nations 2025.<\/p>\n<p>Du c\u00f4t\u00e9 rennais, Habib Beye doit lui aussi composer avec plusieurs absences, dont celles d\u2019A\u00eft Boudlal, Fofana et Nagida, retenus en s\u00e9lection.<\/p>\n<p><strong>Les compositions :<\/strong><br \/><strong>Lille :<\/strong> \u00d6zer \u2013 Meunier, Ngoy, Alexsandro, Verdonk \u2013 Bentaleb, Andr\u00e9 (cap.) \u2013 Broholm, Haraldsson, Fernandez-Pardo \u2013 Giroud.<br \/><strong>Rennes :<\/strong> Samba \u2013 Seidu, Jacquet, Brassier \u2013 Frankowski, Camara, Rongier (cap.), Merlin, Al-Tamari \u2013 Me\u00eft\u00e9, Embolo.<\/p>\n","protected":false},"excerpt":{"rendered":"Pour le compte de la 17e journ\u00e9e de Ligue 1, Lille re\u00e7oit Rennes ce samedi soir (21h05, sur&hellip;\n","protected":false},"author":2,"featured_media":639163,"comment_status":"","ping_status":"","sticky":false,"template":"","format":"standard","meta":{"footnotes":""},"categories":[2815],"tags":[1111,11,1777,674,1011,27,811,1307,12,25],"class_list":{"0":"post-639162","1":"post","2":"type-post","3":"status-publish","4":"format-standard","5":"has-post-thumbnail","7":"category-lille","8":"tag-actu","9":"tag-actualites","10":"tag-eu","11":"tag-europe","12":"tag-fr","13":"tag-france","14":"tag-hauts-de-france","15":"tag-lille","16":"tag-news","17":"tag-republique-francaise"},"share_on_mastodon":{"url":"https:\/\/pubeurope.com\/@fr\/115833483005583679","error":""},"_links":{"self":[{"href":"https:\/\/www.europesays.com\/fr\/wp-json\/wp\/v2\/posts\/639162","targetHints":{"allow":["GET"]}}],"collection":[{"href":"https:\/\/www.europesays.com\/fr\/wp-json\/wp\/v2\/posts"}],"about":[{"href":"https:\/\/www.europesays.com\/fr\/wp-json\/wp\/v2\/types\/post"}],"author":[{"embeddable":true,"href":"https:\/\/www.europesays.com\/fr\/wp-json\/wp\/v2\/users\/2"}],"replies":[{"embeddable":true,"href":"https:\/\/www.europesays.com\/fr\/wp-json\/wp\/v2\/comments?post=639162"}],"version-history":[{"count":0,"href":"https:\/\/www.europesays.com\/fr\/wp-json\/wp\/v2\/posts\/639162\/revisions"}],"wp:featuredmedia":[{"embeddable":true,"href":"https:\/\/www.europesays.com\/fr\/wp-json\/wp\/v2\/media\/639163"}],"wp:attachment":[{"href":"https:\/\/www.europesays.com\/fr\/wp-json\/wp\/v2\/media?parent=639162"}],"wp:term":[{"taxonomy":"category","embeddable":true,"href":"https:\/\/www.europesays.com\/fr\/wp-json\/wp\/v2\/categories?post=639162"},{"taxonomy":"post_tag","embeddable":true,"href":"https:\/\/www.europesays.com\/fr\/wp-json\/wp\/v2\/tags?post=639162"}],"curies":[{"name":"wp","href":"https:\/\/api.w.org\/{rel}","templated":true}]}}