{"id":639164,"date":"2026-01-03T22:17:10","date_gmt":"2026-01-03T22:17:10","guid":{"rendered":"https:\/\/www.europesays.com\/fr\/639164\/"},"modified":"2026-01-03T22:17:10","modified_gmt":"2026-01-03T22:17:10","slug":"un-rassemblement-contre-limperialisme-americain-a-marseille","status":"publish","type":"post","link":"https:\/\/www.europesays.com\/fr\/639164\/","title":{"rendered":"Un rassemblement contre \u00ab l\u2019imp\u00e9rialisme am\u00e9ricain \u00bb \u00e0 Marseille"},"content":{"rendered":"\n<p>\u00ab Donald Trump, casse-toi ! Le Venezuela n\u2019est pas \u00e0 toi\u00a0\u00bb. Devant la pr\u00e9fecture \u00e0 Marseille, samedi soir, quelques centaines de personnes se sont rassembl\u00e9es pour d\u00e9noncer \u00ab\u00a0l\u2019imp\u00e9rialisme am\u00e9ricain\u00a0\u00bb au V\u00e9n\u00e9zuela. Une mobilisation organis\u00e9e \u00e0 l\u2019appel de diverses structures, comme le Parti communiste, la France Insoumise, l\u2019Union d\u00e9partementale de la CGT ou encore des collectifs antimilitaristes. Tous sont venus r\u00e9clamer une action de la France et de la communaut\u00e9 internationale pour contrer les \u00e9tats-Unis.<\/p>\n<p>\u00ab \u00a0Je suis venu parce que c\u2019est une invasion. \u00e7a me r\u00e9volte autant que quand Vladimir Poutine a envahi l\u2019Ukraine, ou que Benyamin Netanyahou a attaqu\u00e9 Gaza\u00a0\u00bb, s\u2019indigne l\u2019un des manifestants. \u00ab\u00a0Mais on est pas assez je trouve\u00a0\u00bb, se d\u00e9sole-t-il. Pour Ivan, \u00eatre l\u00e0 ce samedi soir est important \u00ab\u00a0pour montrer que l\u2019on est pas d\u2019accord. Car j\u2019ai peur des cons\u00e9quences que cette intervention peut avoir\u00a0\u00bb.<\/p>\n<p>Pascal Gal\u00e9ot\u00e9, au nom de l\u2019UD CGT des Bouches-du-Rh\u00f4ne, estime que l\u2019attaque am\u00e9ricaine et l\u2019enl\u00e8vement de du pr\u00e9sident Nicol\u00e1s Maduro \u00ab\u00a0rappellent les heures les plus sombres de l\u2019imp\u00e9rialisme am\u00e9ricain. Sous fond de lutte contre le contre le narcotrafic, c\u2019est une vraie d\u00e9rive fasciste et c\u2019est une remise en cause de la paix\u00a0\u00bb.<\/p>\n<p>\u00ab\u00a0L\u2019imp\u00e9rialisme ne se cache m\u00eame plus et il s\u2019approprie les ressources d\u2019un pays\u00a0\u00bb, s\u2019indigne Mathilde Lant\u00e9, du mouvement R\u00e9volution Permanente. Les manifestants r\u00e9unis r\u00e9clament \u00e9galement que la souverainet\u00e9 du Venezeuela soit laiss\u00e9e \u00e0 ses habitants. \u00ab\u00a0Quoi qu\u2019on pense du pr\u00e9sident Nicol\u00e1s Maduro, c\u2019est \u00e0 son peuple de choisir et pas \u00e0 Donald Trump, s\u2019exclame au microphone Lil, du collectif Guerre \u00e0 la guerre, sous les applaudissements. Nous sommes pour une r\u00e9elle souverainet\u00e9 populaire.\u00a0\u00bb<\/p>\n<p>Enfin, certains exigent des sanctions rapides de la part des instances internationales contre le pr\u00e9sident am\u00e9ricain Donald Trump, la lib\u00e9ration de Nicol\u00e1s Maduro et la fin des politiques imp\u00e9rialistes men\u00e9es en Am\u00e9rique latine et partout dans le monde.<\/p>\n<p>Un rassemblement de soutien au Venezuela est \u00e9galement organis\u00e9 \u00e0 Martigues, ce lundi \u00e0 18h place Jean-Jaur\u00e8s, \u00e0 l\u2019initiative du PCF, LFI, du collectif Palestine, de l\u2019Union locale CGT et du Mouvement de la paix.<\/p>\n","protected":false},"excerpt":{"rendered":"\u00ab Donald Trump, casse-toi ! Le Venezuela n\u2019est pas \u00e0 toi\u00a0\u00bb. Devant la pr\u00e9fecture \u00e0 Marseille, samedi soir,&hellip;\n","protected":false},"author":2,"featured_media":639165,"comment_status":"","ping_status":"","sticky":false,"template":"","format":"standard","meta":{"footnotes":""},"categories":[2814],"tags":[1111,11,1777,674,1011,27,884,12,74610,882,25],"class_list":{"0":"post-639164","1":"post","2":"type-post","3":"status-publish","4":"format-standard","5":"has-post-thumbnail","7":"category-marseille","8":"tag-actu","9":"tag-actualites","10":"tag-eu","11":"tag-europe","12":"tag-fr","13":"tag-france","14":"tag-marseille","15":"tag-news","16":"tag-pascal-galeote","17":"tag-provence-alpes-cote-dazur","18":"tag-republique-francaise"},"share_on_mastodon":{"url":"https:\/\/pubeurope.com\/@fr\/115833487327674099","error":""},"_links":{"self":[{"href":"https:\/\/www.europesays.com\/fr\/wp-json\/wp\/v2\/posts\/639164","targetHints":{"allow":["GET"]}}],"collection":[{"href":"https:\/\/www.europesays.com\/fr\/wp-json\/wp\/v2\/posts"}],"about":[{"href":"https:\/\/www.europesays.com\/fr\/wp-json\/wp\/v2\/types\/post"}],"author":[{"embeddable":true,"href":"https:\/\/www.europesays.com\/fr\/wp-json\/wp\/v2\/users\/2"}],"replies":[{"embeddable":true,"href":"https:\/\/www.europesays.com\/fr\/wp-json\/wp\/v2\/comments?post=639164"}],"version-history":[{"count":0,"href":"https:\/\/www.europesays.com\/fr\/wp-json\/wp\/v2\/posts\/639164\/revisions"}],"wp:featuredmedia":[{"embeddable":true,"href":"https:\/\/www.europesays.com\/fr\/wp-json\/wp\/v2\/media\/639165"}],"wp:attachment":[{"href":"https:\/\/www.europesays.com\/fr\/wp-json\/wp\/v2\/media?parent=639164"}],"wp:term":[{"taxonomy":"category","embeddable":true,"href":"https:\/\/www.europesays.com\/fr\/wp-json\/wp\/v2\/categories?post=639164"},{"taxonomy":"post_tag","embeddable":true,"href":"https:\/\/www.europesays.com\/fr\/wp-json\/wp\/v2\/tags?post=639164"}],"curies":[{"name":"wp","href":"https:\/\/api.w.org\/{rel}","templated":true}]}}