{"id":639166,"date":"2026-01-03T22:18:39","date_gmt":"2026-01-03T22:18:39","guid":{"rendered":"https:\/\/www.europesays.com\/fr\/639166\/"},"modified":"2026-01-03T22:18:39","modified_gmt":"2026-01-03T22:18:39","slug":"40-cm-de-neige-a-marseille-18c-a-montpellier-les-bateaux-prisonniers-de-la-glace-cet-hiver-glacial-que-les-francais-noublieront-jamais","status":"publish","type":"post","link":"https:\/\/www.europesays.com\/fr\/639166\/","title":{"rendered":"40 cm de neige \u00e0 Marseille, -18\u00b0C \u00e0 Montpellier, les bateaux prisonniers de la glace\u2026 Cet hiver glacial que les Fran\u00e7ais n&rsquo;oublieront jamais"},"content":{"rendered":"<p>Le week-end qui arrive apportera-t-il \u00e0 nouveau de la <a href=\"https:\/\/www.mariefrance.fr\/actualite\/societe\/neige-retour-plaine-16-departements-vigilance-jaune-meteo-france-ville-concernee-1223044.html\" target=\"_blank\" rel=\"noopener\"><br \/>\n<strong>neige en plaine<\/strong><\/a> comme la semaine derni\u00e8re ? Si<br \/>\naucun sc\u00e9nario de ce type ne semble se d\u00e9gager pour le moment, une<br \/>\nchose est certaine : de beaux flocons devraient bel et bien tomber<br \/>\nsur une partie de la France. Ce sont surtout les <strong>massifs et<br \/>\nles <a href=\"https:\/\/www.mariefrance.fr\/evasion\/vacances-neige-hiver-classement-10-meilleures-stations-ski-france-1223527.html\" target=\"_blank\" rel=\"noopener\"><br \/>\ndomaines skiables<\/a><\/strong> qui, pour leur plus grand plaisir,<br \/>\ndevraient recenser de beaux cumuls de neige.<\/p>\n<p>Des cumuls de neige proche des records ?<\/p>\n<p>Autant de neige, c\u2019est aussi le risque de rencontrer des<br \/>\n<strong>avalanches<\/strong>. En effet, les cumuls sont proches des<br \/>\n<a href=\"https:\/\/www.mariefrance.fr\/actualite\/societe\/43-cm-de-neige-a-saint-etienne-330-000-francais-prives-delectricite-orage-de-neige-novembre-traumatise-habitants-de-la-loire-1223390.html\" target=\"_blank\" rel=\"noopener\"><br \/>\nrecords enregistr\u00e9s<\/a> dans certains endroits. S\u2019il faut faire<br \/>\npreuve de prudence, il est tr\u00e8s peu probable que la situation soit<br \/>\nsemblable \u00e0 celle rencontr\u00e9e par le pays au d\u00e9but des ann\u00e9es 1960.<br \/>\nA l\u2019\u00e9poque en effet, cet hiver est enregistr\u00e9 comme <strong>le plus<br \/>\nglacial du 20\u00e8me si\u00e8cle<\/strong>. Le gel transit de froid la France<br \/>\nd\u00e8s le mois de novembre, et la neige recouvre m\u00eame les plaines.<\/p>\n<p>Toutes les r\u00e9gions de l\u2019Est se retrouvent surprises et de<br \/>\nnombreux accidents de la route surviennent. L\u2019hiver semble<br \/>\nd\u2019ailleurs n\u2019accorder aucun r\u00e9pit aux Fran\u00e7ais car, trois semaines<br \/>\nplus tard, c\u2019est une <strong>\u201ctemp\u00eate de neige sans<br \/>\npr\u00e9c\u00e9dent\u201d<\/strong> qui touche de mani\u00e8re importante les Alpes<br \/>\net les stations de sports d\u2019hiver. Celles-ci se \u201cretrouvent<br \/>\ncompl\u00e8tement isol\u00e9es au moment des vacances de No\u00ebl\u201d, les<br \/>\nv\u00e9hicules sont ensevelis, et de nombreux logements n\u2019ont plus de<br \/>\nchauffage alors que les temp\u00e9ratures sont proches des -10\u00b0C.<\/p>\n<p><img loading=\"lazy\" decoding=\"async\" aria-describedby=\"caption-attachment-1222650\" itemprop=\"thumbnailUrl\" class=\"size-full wp-image-1222650 img-responsive\" src=\"https:\/\/www.europesays.com\/fr\/wp-content\/uploads\/2025\/12\/illu-2025-11-26t111035.304.jpg\" alt=\"Temp\u00eate de neige\" width=\"1280\" height=\"720\"\/><br \/>\n\u00a9<br \/>\nshutterstock<\/p>\n<p id=\"caption-attachment-1222650\" class=\"wp-caption-text\">Cet<br \/>\norage de neige qui bouleverse les habitants<\/p>\n<p>Marseille sous la neige, des bateaux<br \/>\ncoinc\u00e9s sur l\u2019eau\u2026 Cet hiver marque les Fran\u00e7ais \u00e0 jamais<\/p>\n<p>Avec cette temp\u00eate de neige survient aussi un <strong>froid<br \/>\npolaire<\/strong> qui balaye toute l\u2019Europe. Lors du r\u00e9veillon 1962<br \/>\nainsi, on recense \u201315\u00b0 \u00e0 Bordeaux et \u20139\u00b0 \u00e0 Biarritz. Pr\u00e8s de<br \/>\n\u201c25 cm de neige recouvre Barcelone alors que <strong>Marseille<br \/>\nenregistre 30 \u00e0 40cm\u201d<\/strong>. De quoi perturber le trafic<br \/>\nferroviaire entre Paris et le Sud-Est. Comme le raconte <a href=\"https:\/\/www.meteo-toulouse.org\/france\/hiver-1962\" target=\"_blank\" rel=\"nofollow noopener\">M\u00e9t\u00e9o Toulouse<\/a>, \u00e0 Cassis, \u201c<br \/>\nplusieurs centaines de personnes restent bloqu\u00e9es et doivent<br \/>\nrenoncer \u00e0 regagner Marseille.\u201d<\/p>\n<p>Le reste de la France n\u2019en m\u00e8ne pas large non plus : \u00e0<br \/>\nDeauville, il est impossible de d\u00e9placer les yachts, pris par les<br \/>\nglaces. De m\u00eame \u201cplusieurs milliers de p\u00e9niches sont<br \/>\n<strong>bloqu\u00e9es sur les canaux et les rivi\u00e8res de France qui<br \/>\ng\u00e8lent<\/strong> progressivement.\u201d Pire encore, \u201ccertains<br \/>\nfleuves comme le Rhin, le Rh\u00f4ne et la Seine charrient des gla\u00e7ons<br \/>\nd\u00e8s fin du mois de d\u00e9cembre jusqu\u2019au d\u00e9but du mois de mars\u201d.<br \/>\nUn hiver glacial, qui a profond\u00e9ment marqu\u00e9 les habitants.<\/p>\n","protected":false},"excerpt":{"rendered":"Le week-end qui arrive apportera-t-il \u00e0 nouveau de la neige en plaine comme la semaine derni\u00e8re ? Si&hellip;\n","protected":false},"author":2,"featured_media":639167,"comment_status":"","ping_status":"","sticky":false,"template":"","format":"standard","meta":{"footnotes":""},"categories":[2814],"tags":[1111,11,1777,674,1011,27,884,12,882,25,6055],"class_list":{"0":"post-639166","1":"post","2":"type-post","3":"status-publish","4":"format-standard","5":"has-post-thumbnail","7":"category-marseille","8":"tag-actu","9":"tag-actualites","10":"tag-eu","11":"tag-europe","12":"tag-fr","13":"tag-france","14":"tag-marseille","15":"tag-news","16":"tag-provence-alpes-cote-dazur","17":"tag-republique-francaise","18":"tag-republishing"},"share_on_mastodon":{"url":"https:\/\/pubeurope.com\/@fr\/115833490932770533","error":""},"_links":{"self":[{"href":"https:\/\/www.europesays.com\/fr\/wp-json\/wp\/v2\/posts\/639166","targetHints":{"allow":["GET"]}}],"collection":[{"href":"https:\/\/www.europesays.com\/fr\/wp-json\/wp\/v2\/posts"}],"about":[{"href":"https:\/\/www.europesays.com\/fr\/wp-json\/wp\/v2\/types\/post"}],"author":[{"embeddable":true,"href":"https:\/\/www.europesays.com\/fr\/wp-json\/wp\/v2\/users\/2"}],"replies":[{"embeddable":true,"href":"https:\/\/www.europesays.com\/fr\/wp-json\/wp\/v2\/comments?post=639166"}],"version-history":[{"count":0,"href":"https:\/\/www.europesays.com\/fr\/wp-json\/wp\/v2\/posts\/639166\/revisions"}],"wp:featuredmedia":[{"embeddable":true,"href":"https:\/\/www.europesays.com\/fr\/wp-json\/wp\/v2\/media\/639167"}],"wp:attachment":[{"href":"https:\/\/www.europesays.com\/fr\/wp-json\/wp\/v2\/media?parent=639166"}],"wp:term":[{"taxonomy":"category","embeddable":true,"href":"https:\/\/www.europesays.com\/fr\/wp-json\/wp\/v2\/categories?post=639166"},{"taxonomy":"post_tag","embeddable":true,"href":"https:\/\/www.europesays.com\/fr\/wp-json\/wp\/v2\/tags?post=639166"}],"curies":[{"name":"wp","href":"https:\/\/api.w.org\/{rel}","templated":true}]}}