{"id":639168,"date":"2026-01-03T22:19:18","date_gmt":"2026-01-03T22:19:18","guid":{"rendered":"https:\/\/www.europesays.com\/fr\/639168\/"},"modified":"2026-01-03T22:19:18","modified_gmt":"2026-01-03T22:19:18","slug":"verchaix-lorchestre-de-chambre-de-lyon-en-concert","status":"publish","type":"post","link":"https:\/\/www.europesays.com\/fr\/639168\/","title":{"rendered":"Verchaix. L\u2019Orchestre de chambre de Lyon en concert"},"content":{"rendered":"<p>L\u2019Orchestre de chambre de Lyon fera \u00e9tape dans la petite commune de la vall\u00e9e du Giffre pour un concert exceptionnel autour des c\u00e9l\u00e8bres  4 Saisons de Vivaldi.\u00a0L\u2019Orchestre de chambre de Lyon est la formation orchestrale r\u00e9sidente de la salle Moli\u00e8re, \u00e0 Lyon. Compos\u00e9e de 40 musiciens, elle est dirig\u00e9e depuis dix ans par Vincent Balse, et rayonne sur le territoire national et \u00e0 l\u2019international.<\/p>\n<p class=\"note\">Concert. Dimanche 11\u00a0janvier \u00e0 18 heures \u00e0 la salle polyvalente de Verchaix. Entr\u00e9e libre.<\/p>\n","protected":false},"excerpt":{"rendered":"L\u2019Orchestre de chambre de Lyon fera \u00e9tape dans la petite commune de la vall\u00e9e du Giffre pour un&hellip;\n","protected":false},"author":2,"featured_media":639169,"comment_status":"","ping_status":"","sticky":false,"template":"","format":"standard","meta":{"footnotes":""},"categories":[1889],"tags":[1111,11,59163,2430,1687,9543,1777,674,1011,27,4638,2428,873,12,25,74611],"class_list":{"0":"post-639168","1":"post","2":"type-post","3":"status-publish","4":"format-standard","5":"has-post-thumbnail","7":"category-lyon","8":"tag-actu","9":"tag-actualites","10":"tag-arve","11":"tag-auvergne-rhone-alpes","12":"tag-culture-loisirs","13":"tag-edition-mont-blanc-arve","14":"tag-eu","15":"tag-europe","16":"tag-fr","17":"tag-france","18":"tag-haute-savoie","19":"tag-lyon","20":"tag-musique","21":"tag-news","22":"tag-republique-francaise","23":"tag-verchaix"},"share_on_mastodon":{"url":"https:\/\/pubeurope.com\/@fr\/115833494789015610","error":""},"_links":{"self":[{"href":"https:\/\/www.europesays.com\/fr\/wp-json\/wp\/v2\/posts\/639168","targetHints":{"allow":["GET"]}}],"collection":[{"href":"https:\/\/www.europesays.com\/fr\/wp-json\/wp\/v2\/posts"}],"about":[{"href":"https:\/\/www.europesays.com\/fr\/wp-json\/wp\/v2\/types\/post"}],"author":[{"embeddable":true,"href":"https:\/\/www.europesays.com\/fr\/wp-json\/wp\/v2\/users\/2"}],"replies":[{"embeddable":true,"href":"https:\/\/www.europesays.com\/fr\/wp-json\/wp\/v2\/comments?post=639168"}],"version-history":[{"count":0,"href":"https:\/\/www.europesays.com\/fr\/wp-json\/wp\/v2\/posts\/639168\/revisions"}],"wp:featuredmedia":[{"embeddable":true,"href":"https:\/\/www.europesays.com\/fr\/wp-json\/wp\/v2\/media\/639169"}],"wp:attachment":[{"href":"https:\/\/www.europesays.com\/fr\/wp-json\/wp\/v2\/media?parent=639168"}],"wp:term":[{"taxonomy":"category","embeddable":true,"href":"https:\/\/www.europesays.com\/fr\/wp-json\/wp\/v2\/categories?post=639168"},{"taxonomy":"post_tag","embeddable":true,"href":"https:\/\/www.europesays.com\/fr\/wp-json\/wp\/v2\/tags?post=639168"}],"curies":[{"name":"wp","href":"https:\/\/api.w.org\/{rel}","templated":true}]}}