{"id":639170,"date":"2026-01-03T22:20:19","date_gmt":"2026-01-03T22:20:19","guid":{"rendered":"https:\/\/www.europesays.com\/fr\/639170\/"},"modified":"2026-01-03T22:20:19","modified_gmt":"2026-01-03T22:20:19","slug":"recompense-minimale-reussite-maximale-pour-pau-a-lyon","status":"publish","type":"post","link":"https:\/\/www.europesays.com\/fr\/639170\/","title":{"rendered":"r\u00e9compense minimale, r\u00e9ussite maximale pour Pau \u00e0 Lyon"},"content":{"rendered":"<p>            L\u2019intention qui compte<\/p>\n<p>Car la confiance et ses vases communicants nivellent aussi les valeurs. Si le 12e a croqu\u00e9 le dauphin, ses 14 incursions en zone de marque auraient d\u00fb lui permettre d\u2019en faire un festin. Au lieu de \u00e7a, le LOU lui a laiss\u00e9 les miettes et le gain d\u2019un bonus d\u00e9fensif presque inesp\u00e9r\u00e9. \u00c0 cinq minutes du terme, sur le seul vrai temps fort b\u00e9arnais de la seconde p\u00e9riode.<\/p>\n<p>Les ballons port\u00e9s qui l\u2019avaient tant fait souffert ont finalement ranim\u00e9 une Section parvenue \u00e0 ne pas enrayer trop brutalement la dynamique qui la portait (cinq victoires cons\u00e9cutives). Un essai d\u2019Isa pour se l\u2019offrir, une \u00e9ni\u00e8me s\u00e9quence d\u00e9fensive pour ficeler le paquet. L\u2019intention qui compte, comptablement. Au bout d\u2019un match \u00e2prement domin\u00e9 par des Lyonnais bien sup\u00e9rieurs dans les duels, sur terre comme dans les airs. Dans toutes ses dimensions, en somme, si l\u2019on excepte la touche. \u00ab\u00a0Elle nous a maintenus \u00e0 flot en 2e mi-temps, c\u2019est \u00e9vident\u00a0\u00bb, convient le technicien.<\/p>\n<p>Auradou survole les d\u00e9bats<\/p>\n<p>\u00c0 ce jeu-l\u00e0, Hugo Auradou est toujours imprenable\u00a0: ses trois contres dans ses 22\u00a0m (47e, 61e, 64e), ont aliment\u00e9 une frustration lyonnaise nourrie par huit incursions en zone de marque sur le premier acte, pour seulement deux essais inscrits (12-10 \u00e0 la pause). Pau n\u2019en menait pas large, et Lyon aurait d\u00fb largement mener consid\u00e9rant sa surpuissance axiale, et son emprise dans le secteur o\u00f9 Pau impressionne le plus. \u00ab\u00a0Autant on a globalement \u00e9t\u00e9 capables de dominer le jeu a\u00e9rien sur les 13 premi\u00e8res journ\u00e9es, autant on a plut\u00f4t \u00e9t\u00e9 tr\u00e8s domin\u00e9s sur le jeu a\u00e9rien aujourd\u2019hui\u00a0\u00bb, constate Piqueronies.<\/p>\n<p>Si le technicien estime que cette happy-end \u00ab\u00a0n\u2019est pas tout \u00e0 fait m\u00e9rit\u00e9e\u00a0\u00bb, Pau est aussi all\u00e9 se la chercher au prix de \u00ab\u00a0quelques bonnes s\u00e9quences d\u00e9fensives\u00a0\u00bb relev\u00e9es par son manager. Logique, consid\u00e9rant ce rapport de force \u00e0 sens unique. \u00ab\u00a0Globalement, les Lyonnais avaient choisi d\u2019agresser farouchement la ligne d\u2019avantage. Je nous ai trouv\u00e9s mobilis\u00e9s, en face. On a bouch\u00e9 des espaces m\u00eame si on l\u2019aurait \u00e9vit\u00e9 en \u00e9tant beaucoup plus secs et durs sur le premier plaquage.\u00a0\u00bb Offensivement, le bilan est en revanche moins flatteur. \u00ab\u00a0On a tellement eu peu de possession qu\u2019il est difficile de faire un constat.\u00a0\u00bb Pau se consolera certainement, en r\u00e9alisant qu\u2019il n\u2019a pas non plus tout perdu sans jamais vraiment entreprendre.<\/p>\n","protected":false},"excerpt":{"rendered":"L\u2019intention qui compte Car la confiance et ses vases communicants nivellent aussi les valeurs. Si le 12e a&hellip;\n","protected":false},"author":2,"featured_media":639171,"comment_status":"","ping_status":"","sticky":false,"template":"","format":"standard","meta":{"footnotes":""},"categories":[1889],"tags":[1111,11,2430,1777,674,1011,27,2428,12,25],"class_list":{"0":"post-639170","1":"post","2":"type-post","3":"status-publish","4":"format-standard","5":"has-post-thumbnail","7":"category-lyon","8":"tag-actu","9":"tag-actualites","10":"tag-auvergne-rhone-alpes","11":"tag-eu","12":"tag-europe","13":"tag-fr","14":"tag-france","15":"tag-lyon","16":"tag-news","17":"tag-republique-francaise"},"share_on_mastodon":{"url":"https:\/\/pubeurope.com\/@fr\/115833498710998243","error":""},"_links":{"self":[{"href":"https:\/\/www.europesays.com\/fr\/wp-json\/wp\/v2\/posts\/639170","targetHints":{"allow":["GET"]}}],"collection":[{"href":"https:\/\/www.europesays.com\/fr\/wp-json\/wp\/v2\/posts"}],"about":[{"href":"https:\/\/www.europesays.com\/fr\/wp-json\/wp\/v2\/types\/post"}],"author":[{"embeddable":true,"href":"https:\/\/www.europesays.com\/fr\/wp-json\/wp\/v2\/users\/2"}],"replies":[{"embeddable":true,"href":"https:\/\/www.europesays.com\/fr\/wp-json\/wp\/v2\/comments?post=639170"}],"version-history":[{"count":0,"href":"https:\/\/www.europesays.com\/fr\/wp-json\/wp\/v2\/posts\/639170\/revisions"}],"wp:featuredmedia":[{"embeddable":true,"href":"https:\/\/www.europesays.com\/fr\/wp-json\/wp\/v2\/media\/639171"}],"wp:attachment":[{"href":"https:\/\/www.europesays.com\/fr\/wp-json\/wp\/v2\/media?parent=639170"}],"wp:term":[{"taxonomy":"category","embeddable":true,"href":"https:\/\/www.europesays.com\/fr\/wp-json\/wp\/v2\/categories?post=639170"},{"taxonomy":"post_tag","embeddable":true,"href":"https:\/\/www.europesays.com\/fr\/wp-json\/wp\/v2\/tags?post=639170"}],"curies":[{"name":"wp","href":"https:\/\/api.w.org\/{rel}","templated":true}]}}