{"id":639181,"date":"2026-01-03T22:28:13","date_gmt":"2026-01-03T22:28:13","guid":{"rendered":"https:\/\/www.europesays.com\/fr\/639181\/"},"modified":"2026-01-03T22:28:13","modified_gmt":"2026-01-03T22:28:13","slug":"guerre-en-ukraine-zelensky-dit-que-si-la-russie-bloque-tout-kiev-devra-continuer-a-se-defendre-2","status":"publish","type":"post","link":"https:\/\/www.europesays.com\/fr\/639181\/","title":{"rendered":"Guerre en Ukraine. Zelensky dit que\u00a0\u00ab si la Russie bloque tout\u00a0\u00bb,\u00a0Kiev devra continuer \u00e0 \u00ab se d\u00e9fendre \u00bb"},"content":{"rendered":"<p>Le pr\u00e9sident ukrainien <a href=\"https:\/\/www.ledauphine.com\/p\/volodymyr-zelensky\" target=\"_blank\" rel=\"noopener\">Volodymyr Zelensky<\/a>\u00a0a d\u00e9clar\u00e9 samedi qu&rsquo;en cas d&rsquo;\u00e9chec de la diplomatie pour pousser la Russie \u00e0 mettre fin \u00e0 la guerre en Ukraine, son pays devra continuer \u00e0 \u00ab se d\u00e9fendre \u00bb.<\/p>\n<p>\u00ab Si la Russie bloque tout \u00e7a, si nos partenaires ne contraignent pas la Russie \u00e0 mettre fin \u00e0 la guerre, il y aura une autre voie: nous d\u00e9fendre nous-m\u00eames \u00bb, a d\u00e9clar\u00e9 Zelensky, interrog\u00e9 sur les remaniements en cours au sein de son cabinet et de l&rsquo;appareil de la D\u00e9fense. Le pr\u00e9sident de l&rsquo;Ukraine a annonc\u00e9 vendredi la nomination du chef du renseignement militaire, Kyrylo Boudanov, pour diriger son cabinet, l&rsquo;un des postes les plus importants du pays.<\/p>\n<p>Un nouveau ministre de la D\u00e9fense \u00e0 venir ?<\/p>\n<p>Il a aussi annonc\u00e9 son intention, sous r\u00e9serve de l&rsquo;approbation du Parlement ukrainien, de remplacer l&rsquo;actuel ministre de la D\u00e9fense Denys Chmygal par le ministre de la Transformation digitale, Mykha\u00eflo Fedorov. Chmygal prendrait la t\u00eate du minist\u00e8re de l&rsquo;Energie.<\/p>\n<p>\u00ab Qu&rsquo;est-ce qui influence cela? Pour notre pays il y a deux voies \u00bb, a-t-il expliqu\u00e9, celle de la diplomatie et celle d&rsquo;une poursuite du conflit, en cas de \u00ab r\u00e9ticence de la Russie \u00e0 mettre fin \u00e0 la guerre \u00bb.<br \/>Se sont rencontr\u00e9s \u00e0 Kiev samedi les conseillers en s\u00e9curit\u00e9 de 15 pays alli\u00e9s de l&rsquo;Ukraine ainsi que des repr\u00e9sentants de l&rsquo;UE et de l&rsquo;Otan.<\/p>\n<p>  Zelensky aimerait plus de \u00ab\u00a0pression\u00a0\u00bb sur Moscou<\/p>\n<p>Les efforts diplomatiques se sont intensifi\u00e9s depuis novembre sous l&rsquo;impulsion du pr\u00e9sident am\u00e9ricain <a href=\"https:\/\/www.ledauphine.com\/p\/donald-trump\" target=\"_blank\" rel=\"noopener\">Donald Trump<\/a>, dont l&rsquo;envoy\u00e9 sp\u00e9cial Steve Witkoff a particip\u00e9 \u00e0 distance \u00e0 la rencontre de Kiev, pour tenter de mettre fin au conflit en Ukraine d\u00e9clench\u00e9 par l&rsquo;invasion russe en f\u00e9vrier 2022.<\/p>\n<p>Mais le pr\u00e9sident ukrainien voudrait \u00ab voir les Etats-Unis faire davantage pression \u00bb sur Moscou, alors que la Russie a pr\u00e9venu d&rsquo;un \u00ab durcissement \u00bb de sa position dans les n\u00e9gociations apr\u00e8s avoir accus\u00e9 Kiev d&rsquo;avoir vis\u00e9 avec des drones une r\u00e9sidence de <a href=\"https:\/\/www.ledauphine.com\/p\/vladimir-poutine\" target=\"_blank\" rel=\"noopener\">Vladimir Poutine<\/a> fin d\u00e9cembre.<\/p>\n","protected":false},"excerpt":{"rendered":"Le pr\u00e9sident ukrainien Volodymyr Zelensky\u00a0a d\u00e9clar\u00e9 samedi qu&rsquo;en cas d&rsquo;\u00e9chec de la diplomatie pour pousser la Russie \u00e0&hellip;\n","protected":false},"author":2,"featured_media":639074,"comment_status":"","ping_status":"","sticky":false,"template":"","format":"standard","meta":{"footnotes":""},"categories":[1591],"tags":[11,3206,1887,107,329,12,1885,1886,132,220],"class_list":{"0":"post-639181","1":"post","2":"type-post","3":"status-publish","4":"format-standard","5":"has-post-thumbnail","7":"category-russie","8":"tag-actualites","9":"tag-defense-guerre-conflit","10":"tag-federation-de-russie","11":"tag-fil-info","12":"tag-france-monde","13":"tag-news","14":"tag-russia","15":"tag-russian-federation","16":"tag-russie","17":"tag-ukraine"},"share_on_mastodon":{"url":"https:\/\/pubeurope.com\/@fr\/115833530157068415","error":""},"_links":{"self":[{"href":"https:\/\/www.europesays.com\/fr\/wp-json\/wp\/v2\/posts\/639181","targetHints":{"allow":["GET"]}}],"collection":[{"href":"https:\/\/www.europesays.com\/fr\/wp-json\/wp\/v2\/posts"}],"about":[{"href":"https:\/\/www.europesays.com\/fr\/wp-json\/wp\/v2\/types\/post"}],"author":[{"embeddable":true,"href":"https:\/\/www.europesays.com\/fr\/wp-json\/wp\/v2\/users\/2"}],"replies":[{"embeddable":true,"href":"https:\/\/www.europesays.com\/fr\/wp-json\/wp\/v2\/comments?post=639181"}],"version-history":[{"count":0,"href":"https:\/\/www.europesays.com\/fr\/wp-json\/wp\/v2\/posts\/639181\/revisions"}],"wp:featuredmedia":[{"embeddable":true,"href":"https:\/\/www.europesays.com\/fr\/wp-json\/wp\/v2\/media\/639074"}],"wp:attachment":[{"href":"https:\/\/www.europesays.com\/fr\/wp-json\/wp\/v2\/media?parent=639181"}],"wp:term":[{"taxonomy":"category","embeddable":true,"href":"https:\/\/www.europesays.com\/fr\/wp-json\/wp\/v2\/categories?post=639181"},{"taxonomy":"post_tag","embeddable":true,"href":"https:\/\/www.europesays.com\/fr\/wp-json\/wp\/v2\/tags?post=639181"}],"curies":[{"name":"wp","href":"https:\/\/api.w.org\/{rel}","templated":true}]}}