{"id":639182,"date":"2026-01-03T22:29:12","date_gmt":"2026-01-03T22:29:12","guid":{"rendered":"https:\/\/www.europesays.com\/fr\/639182\/"},"modified":"2026-01-03T22:29:12","modified_gmt":"2026-01-03T22:29:12","slug":"lukraine-espere-un-sommet-de-chefs-detat-aux-etats-unis-en-janvier-dit-zelensky-03-01-2026-a-2127","status":"publish","type":"post","link":"https:\/\/www.europesays.com\/fr\/639182\/","title":{"rendered":"L&rsquo;Ukraine esp\u00e8re un sommet de chefs d&rsquo;\u00c9tat aux \u00c9tats-Unis en janvier, dit Zelensky &#8211; 03\/01\/2026 \u00e0 21:27"},"content":{"rendered":"<p>\n Le pr\u00e9sident ukrainien Volodimir Zelensky a d\u00e9clar\u00e9 samedi que<br \/>\nKyiv esp\u00e9rait l&rsquo;organisation d&rsquo;un sommet de chefs d&rsquo;Etat aux<br \/>\n\u00c9tats-Unis d&rsquo;ici \u00e0 la fin du mois de janvier afin de discuter de<br \/>\npropositions visant \u00e0 mettre fin \u00e0 la guerre avec la Russie.\n<\/p>\n<p>\n Volodimir Zelensky a indiqu\u00e9 que l&rsquo;Ukraine et les<br \/>\nconseillers \u00e0 la s\u00e9curit\u00e9 nationale de 18 pays avaient discut\u00e9 \u00e0<br \/>\nKyiv de garanties de s\u00e9curit\u00e9, d&rsquo;accords \u00e9conomiques et de plans<br \/>\nd&rsquo;action. Les discussions se poursuivront la semaine prochaine<br \/>\nlors d&rsquo;une r\u00e9union des dirigeants europ\u00e9ens \u00e0 Paris, puis avec<br \/>\nles n\u00e9gociateurs am\u00e9ricains.\n<\/p>\n<p>\n \u00ab\u00a0Apr\u00e8s cela (&#8230;), nous nous pr\u00e9parerons \u00e0 une r\u00e9union aux<br \/>\n\u00c9tats-Unis au niveau des dirigeants. Nous aimerions que tout<br \/>\ncela ait lieu en janvier, d&rsquo;ici la fin du mois de janvier\u00a0\u00bb, a<br \/>\nd\u00e9clar\u00e9 Volodimir Zelensky.\n<\/p>\n<p>\n (Reportage Vlad Smilianets, r\u00e9dig\u00e9 par Olena Harmash, version<br \/>\nfran\u00e7aise Benjamin Mallet)<\/p>\n","protected":false},"excerpt":{"rendered":"Le pr\u00e9sident ukrainien Volodimir Zelensky a d\u00e9clar\u00e9 samedi que Kyiv esp\u00e9rait l&rsquo;organisation d&rsquo;un sommet de chefs d&rsquo;Etat aux&hellip;\n","protected":false},"author":2,"featured_media":2486,"comment_status":"","ping_status":"","sticky":false,"template":"","format":"standard","meta":{"footnotes":""},"categories":[1590],"tags":[400,11,398,408,405,1777,674,403,402,399,404,12,401,406,220,407],"class_list":{"0":"post-639182","1":"post","2":"type-post","3":"status-publish","4":"format-standard","5":"has-post-thumbnail","7":"category-ukraine","8":"tag-action-cac-40","9":"tag-actualites","10":"tag-bourse-de-paris","11":"tag-boursorama","12":"tag-cotations","13":"tag-eu","14":"tag-europe","15":"tag-indices-devises","16":"tag-investir","17":"tag-investissement","18":"tag-marche-boursier","19":"tag-news","20":"tag-sicav","21":"tag-trackers","22":"tag-ukraine","23":"tag-warrants"},"share_on_mastodon":{"url":"https:\/\/pubeurope.com\/@fr\/115833534188572389","error":""},"_links":{"self":[{"href":"https:\/\/www.europesays.com\/fr\/wp-json\/wp\/v2\/posts\/639182","targetHints":{"allow":["GET"]}}],"collection":[{"href":"https:\/\/www.europesays.com\/fr\/wp-json\/wp\/v2\/posts"}],"about":[{"href":"https:\/\/www.europesays.com\/fr\/wp-json\/wp\/v2\/types\/post"}],"author":[{"embeddable":true,"href":"https:\/\/www.europesays.com\/fr\/wp-json\/wp\/v2\/users\/2"}],"replies":[{"embeddable":true,"href":"https:\/\/www.europesays.com\/fr\/wp-json\/wp\/v2\/comments?post=639182"}],"version-history":[{"count":0,"href":"https:\/\/www.europesays.com\/fr\/wp-json\/wp\/v2\/posts\/639182\/revisions"}],"wp:featuredmedia":[{"embeddable":true,"href":"https:\/\/www.europesays.com\/fr\/wp-json\/wp\/v2\/media\/2486"}],"wp:attachment":[{"href":"https:\/\/www.europesays.com\/fr\/wp-json\/wp\/v2\/media?parent=639182"}],"wp:term":[{"taxonomy":"category","embeddable":true,"href":"https:\/\/www.europesays.com\/fr\/wp-json\/wp\/v2\/categories?post=639182"},{"taxonomy":"post_tag","embeddable":true,"href":"https:\/\/www.europesays.com\/fr\/wp-json\/wp\/v2\/tags?post=639182"}],"curies":[{"name":"wp","href":"https:\/\/api.w.org\/{rel}","templated":true}]}}