{"id":639183,"date":"2026-01-03T22:30:10","date_gmt":"2026-01-03T22:30:10","guid":{"rendered":"https:\/\/www.europesays.com\/fr\/639183\/"},"modified":"2026-01-03T22:30:10","modified_gmt":"2026-01-03T22:30:10","slug":"maduro-capture-par-les-etats-unis-comment-une-taupe-de-la-cia-sest-infiltree-au-coeur-du-gouvernement-venezuelien","status":"publish","type":"post","link":"https:\/\/www.europesays.com\/fr\/639183\/","title":{"rendered":"Maduro captur\u00e9 par les \u00c9tats-Unis\u00a0: comment une taupe de la CIA s\u2019est infiltr\u00e9e au c\u0153ur du gouvernement v\u00e9n\u00e9zu\u00e9lien"},"content":{"rendered":"<p class=\"paragraph text_align_left lp-f-body-02\">En pleine nuit ce samedi, les frappes nocturnes embrasent le ciel de Caracas et de ses environs, tirant les habitants brutalement de leur sommeil. <a href=\"https:\/\/www.leparisien.fr\/international\/direct-explosions-au-venezuela-caracas-accuse-les-etats-unis-et-appelle-a-la-mobilisation-03-01-2026-MKOFG2SVCFEFBPKJHDRPHAJZPM.php\" target=\"_self\" rel=\"noopener\">L\u2019op\u00e9ration \u00ab\u00a0Absolute Resolve\u00a0\u00bb<\/a> est lanc\u00e9e. En quelques heures, les forces sp\u00e9ciales am\u00e9ricaines ach\u00e8vent l\u2019attaque historique qui aboutit \u00e0 <a href=\"https:\/\/www.leparisien.fr\/international\/etats-unis\/venezuela-donald-trump-une-photo-du-president-nicolas-maduro-apres-sa-capture-par-les-etats-unis-03-01-2026-OZFWUEZVUFDGRDHFLXOBEEGWXA.php\" target=\"_self\" rel=\"noopener\">la capture du pr\u00e9sident Nicol\u00e1s Maduro<\/a>.<\/p>\n<p class=\"\">L\u2019offensive fulgurante \u00e9tait en r\u00e9alit\u00e9 pr\u00e9par\u00e9e depuis \u00ab\u00a0plusieurs mois\u00a0\u00bb, selon le chef d\u2019\u00e9tat-major am\u00e9ricain, le g\u00e9n\u00e9ral Dan Caine, par l\u2019arm\u00e9e am\u00e9ricaine et les agences de renseignement. D\u2019apr\u00e8s des sources interrog\u00e9es par <a href=\"https:\/\/www.reuters.com\/business\/aerospace-defense\/mock-house-cia-source-special-forces-us-operation-capture-maduro-2026-01-03\/\" target=\"_self\" rel=\"noopener\">Reuters<\/a> et le <a href=\"https:\/\/www.nytimes.com\/2026\/01\/03\/world\/americas\/cia-venezuela-maduro.html\" target=\"_self\" rel=\"noopener\">New York Times<\/a>, la CIA avait d\u00e9ploy\u00e9 sur place, d\u00e8s le mois d\u2019ao\u00fbt, une petite \u00e9quipe fournissant des informations sur le mode de vie de Maduro, ce qui a permis de l\u2019arr\u00eater sans difficult\u00e9.<\/p>\n<p class=\"\">Ces agents communiquaient des informations \u00ab\u00a0extraordinaires\u00a0\u00bb, selon le <a href=\"https:\/\/www.wsj.com\/livecoverage\/venezuela-strikes\/card\/cia-team-in-venezuela-since-august-tracked-maduro-s-whereabouts-before-capture-RY5CuDKtqcA2XnkSHSYv\" target=\"_self\" rel=\"noopener\">Wall Street Journal<\/a>. En plus de ces sources humaines, l\u2019agence d\u2019espionnage am\u00e9ricaine aurait communiqu\u00e9 plusieurs renseignements essentiels gr\u00e2ce \u00e0 une flotte de drones furtifs d\u00e9ploy\u00e9e sur place.<\/p>\n<p>Un agent proche de Maduro<\/p>\n<p class=\"\">Il fallait notamment suivre Nicol\u00e1s Maduro au quotidien, afin de \u00ab\u00a0comprendre comment il se d\u00e9pla\u00e7ait, o\u00f9 il vivait, o\u00f9 il voyageait, ce qu\u2019il mangeait, ce qu\u2019il portait\u00a0\u00bb, a d\u00e9taill\u00e9 Dan Caine, lors de sa prise de parole depuis Mar-a-Lago ce samedi.<\/p>\n<p class=\"title-embed-dailymotion lp-color-text lp-f-subtitle-04\">Vid\u00e9o\u00ab Tout a \u00e9t\u00e9 mis sur la vitesse \u00bb : l&rsquo;incroyable op\u00e9ration de la Delta Force au V\u00e9n\u00e9zuela<\/p>\n<p class=\"\">Pour atteindre le c\u0153ur du pouvoir v\u00e9n\u00e9zu\u00e9lien, ou \u00e9taient conserv\u00e9es les informations les plus cruciales sur les faits et gestes du pr\u00e9sident, la CIA disposait surtout des services d\u2019un agent de la CIA infiltr\u00e9 en profondeur au sein du gouvernement, toujours selon ces sources interrog\u00e9es par Reuters et le New York Times.<\/p>\n<p class=\"\">Int\u00e9gr\u00e9e au cercle rapproch\u00e9 de Maduro, cette taupe v\u00e9n\u00e9zu\u00e9lienne aurait \u00e9t\u00e9 charg\u00e9e de surveiller tous les d\u00e9placements du chef d\u2019\u00c9tat. Avec un objectif\u00a0: communiquer \u00e0 sa hi\u00e9rarchie, en temps r\u00e9el tout au long de l\u2019op\u00e9ration, des informations essentielles sur la localisation de Maduro. Ce qui aurait permis l\u2019arrestation, \u00e0 premi\u00e8re vue ais\u00e9e, du dirigeant v\u00e9n\u00e9zu\u00e9lien.<\/p>\n<p>50\u00a0millions de dollars<\/p>\n<p class=\"\">On ignore, \u00e0 ce stade, comment cet agent a pu \u00eatre recrut\u00e9 par la CIA. Selon d\u2019anciens responsables de l\u2019agence interrog\u00e9s par le quotidien new-yorkais, <a href=\"https:\/\/www.leparisien.fr\/international\/etats-unis\/washington-promet-une-prime-de-50-millions-deuros-pour-linterpellation-du-president-venezuelien-nicolas-maduro-08-08-2025-ULSARY7MZNECNNVNAMVJ2H3MV4.php\" target=\"_self\" rel=\"noopener\">la r\u00e9compense de 50\u00a0millions de dollars<\/a> offerte par le gouvernement am\u00e9ricain pour toute information menant \u00e0 la capture de Maduro aurait pu \u00eatre essentielle.<\/p>\n<p class=\"\">\u00c0 cette heure, il reste difficile d\u2019\u00e9tablir avec certitude le niveau d\u2019implication de cet agent et l\u2019\u00e9ventuelle porosit\u00e9 du contre-espionnage v\u00e9n\u00e9zu\u00e9lien. Mais force est de constater que les \u00ab\u00a0mois de pr\u00e9paration et d\u2019entra\u00eenement\u00a0\u00bb de l\u2019ensemble des forces am\u00e9ricaines, selon les mots du g\u00e9n\u00e9ral Dan Caine, ont port\u00e9 leurs fruits.<\/p>\n<p class=\"\">Dans de r\u00e9centes d\u00e9clarations, le directeur de la CIA John Ratcliffe promettait de rendre son agence plus offensive, pr\u00eate \u00e0 mener des op\u00e9rations clandestines d\u2019envergure. \u00c0 l\u2019automne dernier, Donald Trump autorisait l\u2019agence \u00e0 adopter une approche plus agressive, avant d\u2019approuver plusieurs op\u00e9rations en lien avec le Venezuela.<\/p>\n<p class=\"\">En d\u00e9cembre dernier, selon plusieurs m\u00e9dias, la CIA avait notamment d\u00e9truit une zone de mise \u00e0 quai utilis\u00e9e par des bateaux accus\u00e9s de participer au narcotrafic au Venezuela, la premi\u00e8re frappe terrestre depuis le d\u00e9but de la campagne militaire am\u00e9ricaine contre le trafic de drogue en Am\u00e9rique latine.<\/p>\n","protected":false},"excerpt":{"rendered":"En pleine nuit ce samedi, les frappes nocturnes embrasent le ciel de Caracas et de ses environs, tirant&hellip;\n","protected":false},"author":2,"featured_media":639184,"comment_status":"","ping_status":"","sticky":false,"template":"","format":"standard","meta":{"footnotes":""},"categories":[1589],"tags":[11,73,1866,14,12,1864,1865,1863,308],"class_list":{"0":"post-639183","1":"post","2":"type-post","3":"status-publish","4":"format-standard","5":"has-post-thumbnail","7":"category-etats-unis","8":"tag-actualites","9":"tag-etats-unis","10":"tag-etats-unis-damerique","11":"tag-international","12":"tag-news","13":"tag-united-states","14":"tag-united-states-of-america","15":"tag-us","16":"tag-usa"},"share_on_mastodon":{"url":"https:\/\/pubeurope.com\/@fr\/115833538055319810","error":""},"_links":{"self":[{"href":"https:\/\/www.europesays.com\/fr\/wp-json\/wp\/v2\/posts\/639183","targetHints":{"allow":["GET"]}}],"collection":[{"href":"https:\/\/www.europesays.com\/fr\/wp-json\/wp\/v2\/posts"}],"about":[{"href":"https:\/\/www.europesays.com\/fr\/wp-json\/wp\/v2\/types\/post"}],"author":[{"embeddable":true,"href":"https:\/\/www.europesays.com\/fr\/wp-json\/wp\/v2\/users\/2"}],"replies":[{"embeddable":true,"href":"https:\/\/www.europesays.com\/fr\/wp-json\/wp\/v2\/comments?post=639183"}],"version-history":[{"count":0,"href":"https:\/\/www.europesays.com\/fr\/wp-json\/wp\/v2\/posts\/639183\/revisions"}],"wp:featuredmedia":[{"embeddable":true,"href":"https:\/\/www.europesays.com\/fr\/wp-json\/wp\/v2\/media\/639184"}],"wp:attachment":[{"href":"https:\/\/www.europesays.com\/fr\/wp-json\/wp\/v2\/media?parent=639183"}],"wp:term":[{"taxonomy":"category","embeddable":true,"href":"https:\/\/www.europesays.com\/fr\/wp-json\/wp\/v2\/categories?post=639183"},{"taxonomy":"post_tag","embeddable":true,"href":"https:\/\/www.europesays.com\/fr\/wp-json\/wp\/v2\/tags?post=639183"}],"curies":[{"name":"wp","href":"https:\/\/api.w.org\/{rel}","templated":true}]}}