{"id":639187,"date":"2026-01-03T22:32:11","date_gmt":"2026-01-03T22:32:11","guid":{"rendered":"https:\/\/www.europesays.com\/fr\/639187\/"},"modified":"2026-01-03T22:32:11","modified_gmt":"2026-01-03T22:32:11","slug":"coup-de-tonnerre-en-europe-lallemagne-devoile-une-idee-simple-mais-revolutionnaire-pour-des-centrales-electriques-10-fois-moins-cheres-en-reutilisant-les-anciennes-infrastructures-gazieres","status":"publish","type":"post","link":"https:\/\/www.europesays.com\/fr\/639187\/","title":{"rendered":"Coup de tonnerre en Europe : l\u2019Allemagne d\u00e9voile une id\u00e9e simple mais r\u00e9volutionnaire pour des centrales \u00e9lectriques 10 fois moins ch\u00e8res en r\u00e9utilisant les anciennes infrastructures gazi\u00e8res"},"content":{"rendered":"<p>L\u2019initiative allemande mise sur une id\u00e9e \u00e0 la fois <strong>simple<\/strong> et <strong>audacieuse<\/strong>\u202f: reconvertir l\u2019existant pour acc\u00e9l\u00e9rer la transition \u00e9nerg\u00e9tique. En r\u00e9utilisant les <strong>infrastructures<\/strong> de gaz pour alimenter des centrales \u00e0 <strong>hydrog\u00e8ne<\/strong>, Berlin promet une chute spectaculaire des <strong>co\u00fbts<\/strong> et des <strong>d\u00e9lais<\/strong>. Cette approche associe <strong>pragmatisme<\/strong> et <strong>innovation<\/strong>, et \u00e9vite les chantiers lourds qui freinent trop souvent la <strong>d\u00e9carbonation<\/strong>. Au lieu de remplacer, il s\u2019agit d\u2019<strong>adapter<\/strong>, de moderniser et de tirer parti d\u2019actifs encore <strong>robustes<\/strong>.<\/p>\n<p>Un pari pragmatique qui change la donne<\/p>\n<p>En partenariat avec le <strong>Centre a\u00e9rospatial allemand (DLR)<\/strong> et des <strong>consultants<\/strong> sp\u00e9cialis\u00e9s, une technologie de retrofit permet \u00e0 des microturbines de fonctionner \u00e0 l\u2019<strong>hydrog\u00e8ne<\/strong> ou au gaz <strong>naturel<\/strong>. L\u2019architecture conserve l\u2019<strong>efficacit\u00e9<\/strong> des centrales existantes et pr\u00e9pare l\u2019arriv\u00e9e massive de l\u2019hydrog\u00e8ne <strong>vert<\/strong>. Gr\u00e2ce \u00e0 des composants <strong>modulaires<\/strong> et des conceptions compatibles avec des <strong>combustibles<\/strong> propres, la conversion se fait sans refaire tout le <strong>b\u00e2ti<\/strong>.<\/p>\n<p>L\u2019hydrog\u00e8ne vert, pivot europ\u00e9en<\/p>\n<p>Au sein de l\u2019UE, l\u2019<strong>hydrog\u00e8ne vert<\/strong> s\u2019impose comme pilier de la <strong>d\u00e9carbonation<\/strong> industrielle et du transport <strong>lourd<\/strong>. Produit par \u00e9lectrolyse avec des <strong>renouvelables<\/strong>, il offre flexibilit\u00e9 au <strong>syst\u00e8me<\/strong> \u00e9lectrique et coupe les \u00e9missions \u00e0 l\u2019usage. L\u2019Allemagne et la <strong>France<\/strong> mobilisent des milliards pour des <strong>projets<\/strong> strat\u00e9giques sous l\u2019\u0153il d\u2019<strong>organismes<\/strong> de r\u00e9f\u00e9rence.<\/p>\n<p>Que signifie vraiment le retrofit ?<\/p>\n<p>Le retrofit d\u00e9signe la <strong>modernisation<\/strong> d\u2019\u00e9quipements pour atteindre de nouveaux standards d\u2019<strong>efficacit\u00e9<\/strong> et de performance <strong>op\u00e9rationnelle<\/strong>. Dans l\u2019\u00e9nergie, il s\u2019agit d\u2019adapter des centrales \u00e0 <strong>gaz<\/strong> pour fonctionner \u00e0 l\u2019<strong>hydrog\u00e8ne<\/strong>, r\u00e9duisant <strong>co\u00fbts<\/strong> et temps de <strong>d\u00e9ploiement<\/strong>. La cl\u00e9 est d\u2019allonger la dur\u00e9e de vie des <strong>actifs<\/strong> avec des solutions <strong>avanc\u00e9es<\/strong> et rapides \u00e0 mettre en \u0153uvre.<\/p>\n<p>Co\u00fbts et d\u00e9lais, la grande bascule<\/p>\n<p>Construire une centrale neuve de 15 <strong>MW<\/strong> peut co\u00fbter pr\u00e8s de 30 <strong>millions<\/strong> d\u2019euros et prendre jusqu\u2019\u00e0 six <strong>ans<\/strong>. Convertir une installation existante n\u00e9cessite environ 18 <strong>mois<\/strong> et revient jusqu\u2019\u00e0 dix fois plus <strong>bon march\u00e9<\/strong>. Cette diff\u00e9rence change l\u2019\u00e9quation <strong>\u00e9conomique<\/strong> et acc\u00e9l\u00e8re la courbe d\u2019<strong>apprentissage<\/strong>.<\/p>\n<p>\u201cConvertir l\u2019existant est dix fois moins cher que repartir de z\u00e9ro, et presque quatre fois plus rapide\u201d, r\u00e9sument des <strong>ing\u00e9nieurs<\/strong> impliqu\u00e9s dans le <strong>projet<\/strong>.<\/p>\n<p>D\u00e9fis techniques, r\u00e9ponses d\u2019ing\u00e9nierie<\/p>\n<p>L\u2019hydrog\u00e8ne br\u00fble \u00e0 plus haute <strong>temp\u00e9rature<\/strong> que le gaz naturel, mena\u00e7ant la tenue des <strong>chambres<\/strong> de combustion. Des br\u00fbleurs <strong>optimis\u00e9s<\/strong> stabilisent la <strong>flamme<\/strong> et limitent les \u00e9missions de <strong>NOx<\/strong>, tout en assurant un m\u00e9lange homog\u00e8ne. Le contr\u00f4le fin de la <strong>combustion<\/strong> permet de fonctionner en charge partielle comme \u00e0 pleine <strong>puissance<\/strong>, sans sacrifier s\u00e9curit\u00e9 ni <strong>rendement<\/strong>.<\/p>\n<p>Usages concrets et valeur imm\u00e9diate<\/p>\n<p>Les microturbines adapt\u00e9es s\u2019invitent dans des environnements <strong>urbains<\/strong> et <strong>industriels<\/strong>, offrant \u00e9lectricit\u00e9, chaleur et services de <strong>flexibilit\u00e9<\/strong>. Ce sont des briques <strong>polyvalentes<\/strong> capables de valoriser des gaz <strong>r\u00e9siduels<\/strong> et d\u2019assurer une continuit\u00e9 <strong>\u00e9nerg\u00e9tique<\/strong>.<\/p>\n<ul>\n<li>H\u00f4pitaux et centres <strong>critiques<\/strong> avec \u00e9nergie de <strong>secours<\/strong> fiable.<\/li>\n<li>H\u00f4tels et piscines avec <strong>cog\u00e9n\u00e9ration<\/strong> de chaleur et <strong>\u00e9lectricit\u00e9<\/strong>.<\/li>\n<li>Industries moyennes n\u00e9cessitant un <strong>approvisionnement<\/strong> stable et <strong>pr\u00e9visible<\/strong>.<\/li>\n<li>Brasseries et processus <strong>thermiques<\/strong> \u00e0 forte demande de <strong>chaleur<\/strong>.<\/li>\n<li>Stations d\u2019<strong>\u00e9puration<\/strong> valorisant le m\u00e9thane <strong>r\u00e9siduel<\/strong>.<\/li>\n<\/ul>\n<p>Pilotes qui valident la faisabilit\u00e9<\/p>\n<p>Un pilote a fonctionn\u00e9 \u00e0 l\u2019<strong>hydrog\u00e8ne<\/strong> pur durant environ 100 <strong>heures<\/strong>, confirmant la robustesse hors <strong>laboratoire<\/strong>. Les essais montrent un contr\u00f4le <strong>stable<\/strong> sur diff\u00e9rentes <strong>charges<\/strong>, avec des performances r\u00e9p\u00e9tables. Cette \u00e9tape renforce la <strong>confiance<\/strong> technologique et pr\u00e9pare une mont\u00e9e en <strong>\u00e9chelle<\/strong> europ\u00e9enne.<\/p>\n<p>Vid\u00e9o de d\u00e9monstration du retrofit de turbines \u00e0 hydrog\u00e8ne\u202f: <a href=\"https:\/\/www.youtube.com\/watch?v=xZ4cJ07cF2M\" target=\"_blank\" rel=\"noopener\">https:\/\/www.youtube.com\/watch?v=xZ4cJ07cF2M<\/a><\/p>\n<p>Impact environnemental et cadre r\u00e9glementaire<\/p>\n<p>Adopter l\u2019<strong>hydrog\u00e8ne<\/strong> r\u00e9duit drastiquement les <strong>\u00e9missions<\/strong> de gaz \u00e0 effet de serre et apporte une fermet\u00e9 renouvelable au <strong>r\u00e9seau<\/strong>. Le retrofit \u00e9vite des <strong>d\u00e9molitions<\/strong>, \u00e9conomise des <strong>mat\u00e9riaux<\/strong> et am\u00e9liore l\u2019empreinte sur l\u2019ensemble du cycle de <strong>vie<\/strong>. Pour d\u00e9ployer \u00e0 grande <strong>\u00e9chelle<\/strong>, il faudra des normes <strong>claires<\/strong> sur les m\u00e9langes, la <strong>s\u00e9curit\u00e9<\/strong> et la certification de l\u2019hydrog\u00e8ne <strong>vert<\/strong>.<\/p>\n<p>Une voie r\u00e9aliste pour acc\u00e9l\u00e9rer l\u2019ind\u00e9pendance<\/p>\n<p>En r\u00e9utilisant les <strong>structures<\/strong> de gaz gr\u00e2ce au retrofit, l\u2019Europe gagne du <strong>temps<\/strong> et ma\u00eetrise les <strong>co\u00fbts<\/strong> tout en acc\u00e9l\u00e9rant son ind\u00e9pendance <strong>\u00e9nerg\u00e9tique<\/strong>. C\u2019est une voie <strong>r\u00e9aliste<\/strong> qui transforme un h\u00e9ritage fossile en <strong>plateforme<\/strong> pour l\u2019hydrog\u00e8ne. Avec des pilotes <strong>r\u00e9ussis<\/strong>, l\u2019appui d\u2019<strong>organismes<\/strong> de r\u00e9f\u00e9rence et un alignement sur les objectifs <strong>climatiques<\/strong>, l\u2019Allemagne trace une trajectoire plus <strong>propre<\/strong> et plus <strong>comp\u00e9titive<\/strong> pour le syst\u00e8me \u00e9nerg\u00e9tique europ\u00e9en.<\/p>\n","protected":false},"excerpt":{"rendered":"L\u2019initiative allemande mise sur une id\u00e9e \u00e0 la fois simple et audacieuse\u202f: reconvertir l\u2019existant pour acc\u00e9l\u00e9rer la transition&hellip;\n","protected":false},"author":2,"featured_media":639188,"comment_status":"","ping_status":"","sticky":false,"template":"","format":"standard","meta":{"footnotes":""},"categories":[1587],"tags":[11,672,22530,1804,74612,42787,3952,1805,154,1803,851,8401,1777,674,3395,74613,1801,18060,5495,3442,151,4564,379,12,471,1802,74614,11876,12558,19875,96],"class_list":{"0":"post-639187","1":"post","2":"type-post","3":"status-publish","4":"format-standard","5":"has-post-thumbnail","7":"category-allemagne","8":"tag-actualites","9":"tag-allemagne","10":"tag-anciennes","11":"tag-bundesrepublik-deutschland","12":"tag-centrales","13":"tag-cheres","14":"tag-coup","15":"tag-de","16":"tag-des","17":"tag-deutschland","18":"tag-devoile","19":"tag-electriques","20":"tag-eu","21":"tag-europe","22":"tag-fois","23":"tag-gazieres","24":"tag-germany","25":"tag-idee","26":"tag-infrastructures","27":"tag-lallemagne","28":"tag-les","29":"tag-mais","30":"tag-moins","31":"tag-news","32":"tag-pour","33":"tag-republique-federale-dallemagne","34":"tag-reutilisant","35":"tag-revolutionnaire","36":"tag-simple","37":"tag-tonnerre","38":"tag-une"},"share_on_mastodon":{"url":"","error":"Validation failed: Text character limit of 500 exceeded"},"_links":{"self":[{"href":"https:\/\/www.europesays.com\/fr\/wp-json\/wp\/v2\/posts\/639187","targetHints":{"allow":["GET"]}}],"collection":[{"href":"https:\/\/www.europesays.com\/fr\/wp-json\/wp\/v2\/posts"}],"about":[{"href":"https:\/\/www.europesays.com\/fr\/wp-json\/wp\/v2\/types\/post"}],"author":[{"embeddable":true,"href":"https:\/\/www.europesays.com\/fr\/wp-json\/wp\/v2\/users\/2"}],"replies":[{"embeddable":true,"href":"https:\/\/www.europesays.com\/fr\/wp-json\/wp\/v2\/comments?post=639187"}],"version-history":[{"count":0,"href":"https:\/\/www.europesays.com\/fr\/wp-json\/wp\/v2\/posts\/639187\/revisions"}],"wp:featuredmedia":[{"embeddable":true,"href":"https:\/\/www.europesays.com\/fr\/wp-json\/wp\/v2\/media\/639188"}],"wp:attachment":[{"href":"https:\/\/www.europesays.com\/fr\/wp-json\/wp\/v2\/media?parent=639187"}],"wp:term":[{"taxonomy":"category","embeddable":true,"href":"https:\/\/www.europesays.com\/fr\/wp-json\/wp\/v2\/categories?post=639187"},{"taxonomy":"post_tag","embeddable":true,"href":"https:\/\/www.europesays.com\/fr\/wp-json\/wp\/v2\/tags?post=639187"}],"curies":[{"name":"wp","href":"https:\/\/api.w.org\/{rel}","templated":true}]}}