{"id":639207,"date":"2026-01-03T22:46:15","date_gmt":"2026-01-03T22:46:15","guid":{"rendered":"https:\/\/www.europesays.com\/fr\/639207\/"},"modified":"2026-01-03T22:46:15","modified_gmt":"2026-01-03T22:46:15","slug":"mandragora-lang-cresswell-voici-les-3-infos-mercato-du-jour","status":"publish","type":"post","link":"https:\/\/www.europesays.com\/fr\/639207\/","title":{"rendered":"Mandragora, Lang, Cresswell&#8230; Voici les 3 infos mercato du jour !"},"content":{"rendered":"<p>                Du milieu de terrain avec une option exp\u00e9riment\u00e9e venue d\u2019Italie, \u00e0 une ancienne cible offensive dont la situation a \u00e9volu\u00e9, en passant par un jeune d\u00e9fenseur tr\u00e8s convoit\u00e9 en Premier League, la direction marseillaise explore plusieurs dossiers aux profils bien distincts. Voici les 3 infos Mercato OM de ce Samedi 3 janvier 2026.<\/p>\n<p>1. Cette piste venue d\u2019Italie prend de l\u2019ampleur !<\/p>\n<p>Selon certaines rumeurs, le club phoc\u00e9en s\u2019int\u00e9resserait de tr\u00e8s pr\u00e8s \u00e0 <strong>Rolando Mandragora<\/strong>, milieu d\u00e9fensif exp\u00e9riment\u00e9 \u00e9voluant actuellement \u00e0 <strong>la Fiorentina<\/strong>.<\/p>\n<p>\u00c2g\u00e9 de 28 ans et international italien, Mandragora est un joueur d\u00e9j\u00e0 connu en Italie pour son r\u00f4le au c\u0153ur du jeu, avec des passages pr\u00e9c\u00e9dents \u00e0 <strong>la Juventus<\/strong> et \u00e0 <strong>l\u2019Udinese<\/strong>. Cette saison, il a notamment inscrit <strong>5 buts en 17 matchs de Serie A<\/strong>, ce qui souligne son apport aussi bien d\u00e9fensif qu\u2019offensif dans le jeu.<\/p>\n<p>Pour l\u2019heure, le dossier ne s\u2019annonce pas simple. Mandragora a <strong>r\u00e9cemment prolong\u00e9 son contrat jusqu\u2019en 2028<\/strong> avec la Fiorentina, ce qui th\u00e9oriquement complique toute possibilit\u00e9 de d\u00e9part imm\u00e9diat. Toutefois, la <strong>saison difficile de la Viola<\/strong>, actuellement en difficult\u00e9 en Serie A, pourrait pousser les dirigeants florentins \u00e0 op\u00e9rer un grand m\u00e9nage, dont le milieu italien pourrait \u00eatre l\u2019un des principaux concern\u00e9s.<\/p>\n<\/p>\n<p>L\u2019OM a d\u00e9j\u00e0 <strong>pris contact pour se renseigner sur les conditions d\u2019un transfert<\/strong>, selon les m\u00e9dias italiens, mais il n\u2019est pas le seul club int\u00e9ress\u00e9. <strong>Le Genoa<\/strong> suit \u00e9galement le dossier, tout comme <strong>l\u2019Atalanta<\/strong>, qui serait d\u00e9j\u00e0 pass\u00e9 \u00e0 l\u2019action pour essayer de convaincre Mandragora de rejoindre Bergame lors de ce mercato.<\/p>\n<p>Ce renfort potentiel s\u2019inscrit dans une strat\u00e9gie plus large men\u00e9e par le duo <strong>Medhi Benatia \u2013 Pablo Longoria<\/strong>, d\u00e9sireux d\u2019offrir \u00e0 De Zerbi davantage de solutions au milieu pour d\u00e9fendre, relancer et imposer leur rythme face aux adversaires. Si l\u2019\u00e9ventuel recrutement de <strong>Mandragora<\/strong> ne deviendrait pas simple du fait de la concurrence, son profil attractif et son exp\u00e9rience en Serie A en font une piste qui <strong>prend de plus en plus de consistance pour l\u2019OM cet hiver<\/strong>.<\/p>\n<p>2. Une rumeur estivale refait surface !<\/p>\n<p>L\u2019\u00e9t\u00e9 dernier, <strong>Noa Lang<\/strong> avait \u00e9t\u00e9 une piste suivie avec attention par l\u2019<strong>Olympique de Marseille<\/strong> pour renforcer l\u2019aile gauche. Finalement, l\u2019ailier n\u00e9erlandais de 26 ans avait fait le choix de rejoindre le <strong>Napoli<\/strong>, en Serie A, plut\u00f4t que de venir \u00e0 Marseille, pour un transfert avoisinant les <strong>25 millions d\u2019euros<\/strong>.<\/p>\n<p>Six mois plus tard, la situation a radicalement chang\u00e9. En Italie, le r\u00eave napolitain s\u2019est transform\u00e9 en d\u00e9sillusion pour Lang : une seule r\u00e9alisation au compteur et des prestations jug\u00e9es trop irr\u00e9guli\u00e8res ont pouss\u00e9 <strong>le club italien \u00e0 envisager de le mettre sur le march\u00e9 d\u00e8s cet hiver<\/strong>, selon les informations rapport\u00e9es.<\/p>\n<blockquote class=\"twitter-tweet-lazy\">\n<p dir=\"ltr\" lang=\"fr\">Noa Lang qui r\u00e9pond \u00e0 sa mani\u00e8re sur sa page Instagram dans la foul\u00e9e aux rumeurs le concernant.<\/p>\n<p>Qu\u2019on l\u2019aime ou pas, il a envie de rester lui \u00e7a se voit et l\u2019a toujours montr\u00e9. <a href=\"https:\/\/t.co\/aL9T7c5JLW\">pic.twitter.com\/aL9T7c5JLW<\/a><\/p>\n<p>\u2014 SSC Napoli France (@SscNapoliFRA) <a href=\"https:\/\/twitter.com\/SscNapoliFRA\/status\/2007109158412120243?ref_src=twsrc%5Etfw\" target=\"_blank\" rel=\"noopener\">January 2, 2026<\/a><\/p>\n<\/blockquote>\n<p>Ce repositionnement de <strong>Noa Lang<\/strong> sur la liste des transferts cr\u00e9e naturellement des discussions du c\u00f4t\u00e9 de l\u2019OM. Le club phoc\u00e9en, qui cherche toujours \u00e0 renforcer son secteur offensif sous la houlette de <strong>Roberto De Zerbi<\/strong>, pourrait effectivement voir dans cette situation une opportunit\u00e9 int\u00e9ressante : lang est un joueur polyvalent, capable d\u2019\u00e9voluer sur un c\u00f4t\u00e9, en soutien de l\u2019attaquant ou m\u00eame en pointe, offrant ainsi une vraie solution de rotation pour l\u2019attaque marseillaise.<\/p>\n<p>Pour autant, l\u2019aventure mitig\u00e9e de Lang \u00e0 Naples n\u2019efface pas totalement les doutes. L\u2019ailier n\u2019aurait pas r\u00e9ussi \u00e0 s\u2019entendre avec <strong>Antonio Conte<\/strong> et n\u2019a pas su s\u2019imposer comme une valeur fiable dans le onze italien. De plus, le club partenope\u0301en r\u00e9clamerait encore une somme significative comprise entre <strong>20 et 25 millions d\u2019euros<\/strong>, sans compter un salaire \u00e9lev\u00e9 ce qui pourrait refroidir les dirigeants marseillais, d\u00e9j\u00e0 vigilants sur l\u2019\u00e9quilibre financier du projet.<\/p>\n<p>Des clubs comme <strong>Galatasaray<\/strong> se seraient d\u00e9j\u00e0 manifest\u00e9s pour l\u2019attaquant, ce qui souligne que Lang conserve encore une certaine attractivit\u00e9 malgr\u00e9 ses difficult\u00e9s r\u00e9centes.<\/p>\n<p>3. L\u2019OM veut concurrencer la Premier League pour ce jeune d\u00e9fenseur ?<\/p>\n<p>\u00c0 l\u2019approche du mois de janvier, la direction de l\u2019<strong>OM<\/strong> affine ses priorit\u00e9s. Si le club phoc\u00e9en cible en priorit\u00e9 un ou deux milieux de terrain ainsi qu\u2019un ailier droit pour soulager <strong>Mason Greenwood<\/strong>, le chantier d\u00e9fensif n\u2019est pas mis de c\u00f4t\u00e9. Les prestations jug\u00e9es insuffisantes de <strong>CJ Egan-Riley<\/strong> et la volont\u00e9 d\u2019anticiper un \u00e9ventuel d\u00e9part futur de <strong>Leonardo Balerdi<\/strong> incitent les dirigeants marseillais \u00e0 surveiller le march\u00e9 des d\u00e9fenseurs centraux.<\/p>\n<p>Dans ce contexte, <strong>Charlie Cresswell<\/strong> figure parmi les profils appr\u00e9ci\u00e9s par le recrutement olympien. Selon une information de Ligue 1+, l\u2019<strong>Olympique de Marseille<\/strong> suit de pr\u00e8s le d\u00e9fenseur anglais du <strong>TFC<\/strong>. \u00c0 23 ans, l\u2019ancien joueur de <strong>Leeds United<\/strong> s\u2019est impos\u00e9 comme un \u00e9l\u00e9ment majeur de l\u2019arri\u00e8re-garde toulousaine depuis son arriv\u00e9e \u00e0 l\u2019\u00e9t\u00e9 2024.<\/p>\n<p>Titulaire r\u00e9gulier, <strong>Cresswell<\/strong> a encore d\u00e9but\u00e9 lors de la 17e journ\u00e9e de Ligue 1 face \u00e0 Lens, confirmant son statut dans le dispositif de <strong>Toulouse<\/strong>. Sa puissance athl\u00e9tique, son engagement d\u00e9fensif et sa r\u00e9gularit\u00e9 expliquent l\u2019int\u00e9r\u00eat suscit\u00e9 par plusieurs clubs.<\/p>\n<p>Le dossier s\u2019annonce toutefois complexe pour l\u2019<strong>OM<\/strong>. Recrut\u00e9 pour environ 4,5 millions d\u2019euros par le <strong>TFC<\/strong>, <strong>Charlie Cresswell<\/strong> a vu sa cote grimper rapidement. Sa valeur marchande est aujourd\u2019hui estim\u00e9e \u00e0 15 millions d\u2019euros par Transfermarkt, mais <strong>Toulouse<\/strong> n\u2019envisagerait pas de n\u00e9gocier en dessous d\u2019un montant nettement sup\u00e9rieur, avoisinant les 25 millions d\u2019euros.<\/p>\n<p>\u00a0<\/p>\n<blockquote class=\"twitter-tweet-lazy\">\n<p dir=\"ltr\" lang=\"fr\">Le chambrage de <a href=\"https:\/\/twitter.com\/FlorianThauvin?ref_src=twsrc%5Etfw\" target=\"_blank\" rel=\"noopener\">@FlorianThauvin<\/a> sur le but de Wesley Sa\u00efd \ud83d\ude1d\ud83d\ude02<a href=\"https:\/\/twitter.com\/hashtag\/TFCRCL?src=hash&amp;ref_src=twsrc%5Etfw\" target=\"_blank\" rel=\"noopener\">#TFCRCL<\/a> <a href=\"https:\/\/t.co\/rT8L9HlYhp\">pic.twitter.com\/rT8L9HlYhp<\/a><\/p>\n<p>\u2014 L1+ (@ligue1plus) <a href=\"https:\/\/twitter.com\/ligue1plus\/status\/2007201023639630178?ref_src=twsrc%5Etfw\" target=\"_blank\" rel=\"noopener\">January 2, 2026<\/a><\/p>\n<\/blockquote>\n<p>Surtout, la concurrence \u00e9trang\u00e8re est bien r\u00e9elle. <strong>West Ham United<\/strong>, d\u00e9j\u00e0 attentif \u00e0 la situation du joueur lors du dernier mercato estival, pourrait passer \u00e0 l\u2019action d\u00e8s ce mois de janvier. Le club londonien traverse une p\u00e9riode d\u00e9licate en <strong>Premier League<\/strong>, avec l\u2019une des d\u00e9fenses les plus perm\u00e9ables du championnat, et cherche activement \u00e0 se renforcer dans l\u2019axe.<\/p>\n<p>Sous contrat avec <strong>Toulouse<\/strong> jusqu\u2019en 2028, <strong>Cresswell<\/strong> reste un atout majeur pour le projet sportif du club haut-garonnais, qui souhaite le conserver. Pour l\u2019<strong>Olympique de Marseille<\/strong>, engag\u00e9 dans un mercato hivernal strat\u00e9gique sous la direction de <strong>Roberto De Zerbi<\/strong>, le dossier s\u2019inscrit donc dans une concurrence financi\u00e8re et sportive \u00e9lev\u00e9e, avec des marges de man\u0153uvre limit\u00e9es \u00e0 court terme.<\/p>\n<p>            <script async src=\"https:\/\/platform.twitter.com\/widgets.js\" charset=\"utf-8\"><\/script><\/p>\n","protected":false},"excerpt":{"rendered":"Du milieu de terrain avec une option exp\u00e9riment\u00e9e venue d\u2019Italie, \u00e0 une ancienne cible offensive dont la situation&hellip;\n","protected":false},"author":2,"featured_media":125490,"comment_status":"","ping_status":"","sticky":false,"template":"","format":"standard","meta":{"footnotes":""},"categories":[1410],"tags":[63,1011,27,60],"class_list":{"0":"post-639207","1":"post","2":"type-post","3":"status-publish","4":"format-standard","5":"has-post-thumbnail","7":"category-football","8":"tag-football","9":"tag-fr","10":"tag-france","11":"tag-sports"},"share_on_mastodon":{"url":"https:\/\/pubeurope.com\/@fr\/115833601041318063","error":""},"_links":{"self":[{"href":"https:\/\/www.europesays.com\/fr\/wp-json\/wp\/v2\/posts\/639207","targetHints":{"allow":["GET"]}}],"collection":[{"href":"https:\/\/www.europesays.com\/fr\/wp-json\/wp\/v2\/posts"}],"about":[{"href":"https:\/\/www.europesays.com\/fr\/wp-json\/wp\/v2\/types\/post"}],"author":[{"embeddable":true,"href":"https:\/\/www.europesays.com\/fr\/wp-json\/wp\/v2\/users\/2"}],"replies":[{"embeddable":true,"href":"https:\/\/www.europesays.com\/fr\/wp-json\/wp\/v2\/comments?post=639207"}],"version-history":[{"count":0,"href":"https:\/\/www.europesays.com\/fr\/wp-json\/wp\/v2\/posts\/639207\/revisions"}],"wp:featuredmedia":[{"embeddable":true,"href":"https:\/\/www.europesays.com\/fr\/wp-json\/wp\/v2\/media\/125490"}],"wp:attachment":[{"href":"https:\/\/www.europesays.com\/fr\/wp-json\/wp\/v2\/media?parent=639207"}],"wp:term":[{"taxonomy":"category","embeddable":true,"href":"https:\/\/www.europesays.com\/fr\/wp-json\/wp\/v2\/categories?post=639207"},{"taxonomy":"post_tag","embeddable":true,"href":"https:\/\/www.europesays.com\/fr\/wp-json\/wp\/v2\/tags?post=639207"}],"curies":[{"name":"wp","href":"https:\/\/api.w.org\/{rel}","templated":true}]}}