{"id":639208,"date":"2026-01-03T22:47:13","date_gmt":"2026-01-03T22:47:13","guid":{"rendered":"https:\/\/www.europesays.com\/fr\/639208\/"},"modified":"2026-01-03T22:47:13","modified_gmt":"2026-01-03T22:47:13","slug":"melania-trump-menace-les-membres-dun-club-prive-qui-auraient-pris-des-photos-clandestines-de-son-fils-barron","status":"publish","type":"post","link":"https:\/\/www.europesays.com\/fr\/639208\/","title":{"rendered":"Melania Trump menace les membres d\u2019un club priv\u00e9 qui auraient pris des photos clandestines de son fils Barron"},"content":{"rendered":"<p>                                    <img decoding=\"async\" src=\"https:\/\/www.europesays.com\/fr\/wp-content\/uploads\/2026\/01\/b29a4e79820a6a28d0d943ba01ca49525026127a9f097f3a0841377fd60f18d6.jpg\" alt=\"Cette rare vid\u00e9o o\u00f9 l\u2019on entend pour la premi\u00e8re fois (ou presque) le son de la voix de Barron Trump\" class=\"a11y-hidden\" fetchpriority=\"high\"\/><\/p>\n<p>\n    Alors qu\u2019ils se trouvaient dans un club priv\u00e9 \u00e0 Mar-a-Lago avec ses parents, pour No\u00ebl, Barron Trump aurait \u00e9t\u00e9 pris en photo par des clients de l\u2019\u00e9tablissement. La premi\u00e8re dame est rapidement mont\u00e9e au cr\u00e9neau pour d\u00e9fendre son fils.<\/p>\n<p class=\"fig-paragraph\">Melania Trump a fait de la vie priv\u00e9e de son fils son cheval de bataille.\u00a0<a href=\"http:\/\/madame.lefigaro.fr\/celebrites\/actu-people\/barron-trump-un-etudiant-fantomatique-sur-le-campus-de-l-universite-de-new-york-20250214\" data-fig-type=\"Article\" data-gtm-custom-categorie=\"navigation\" data-gtm-custom-action=\"crossclick\" data-gtm-custom-label=\"Contextuel\" data-gtm-event=\"customEventSPE\" data-fig-domain=\"MADAME\" target=\"_blank\" rel=\"noopener\">Jeune \u00e9tudiant tr\u00e8s discret<\/a>, Barron Trump ne fait que tr\u00e8s peu d\u2019apparitions en public. Et lorsque c\u2019est le cas, il vaut mieux cacher son t\u00e9l\u00e9phone portable et ne pas sortir son appareil photo. En effet, comme l\u2019a expliqu\u00e9 le journaliste et r\u00e9dacteur en chef du magazine OK!, Rob Shuter sur son compte\u00a0<a href=\"https:\/\/robshuter.substack.com\/p\/exclusive-mar-a-lago-members-threatened?utm_source=post-email-title&amp;publication_id=4354752&amp;post_id=182894680&amp;utm_campaign=email-post-title&amp;isFreemail=true&amp;r=3oojw&amp;triedRedirect=true&amp;utm_medium=email\" target=\"_blank\" rel=\"sponsored noopener\" data-gtm-custom-categorie=\"navigation\" data-gtm-custom-action=\"crossclick\" data-gtm-custom-label=\"Contextuel\" data-gtm-event=\"customEventSPE\">Substack<\/a>, alors que le fils de Donald et Melania Trump se trouvait dans un club priv\u00e9 de Mar-a-Lago avec ses parents pour No\u00ebl, il aurait \u00e9t\u00e9 pris en photo par certains clients de l\u2019\u00e9tablissement. Un geste que la premi\u00e8re dame a rapidement signal\u00e9 \u00e0 la hi\u00e9rarchie du club o\u00f9 elle a l\u2019habitude de se rendre avec sa famille. \u00abMelania a \u00e9t\u00e9 tr\u00e8s claire\u00a0: la vie priv\u00e9e de Barron est non n\u00e9gociable\u00bb, aurait racont\u00e9 une source \u00e0 Rob Shuter. \u00abQuiconque serait surpris \u00e0 filmer ou prendre des photos subirait des cons\u00e9quences imm\u00e9diates, y compris une possible interdiction du club.\u00bb<\/p>\n<p class=\"fig-body-link&#10;    \">\n            \u00c0 lire aussi<br \/>\n        <a class=\"fig-body-link__link\" href=\"http:\/\/madame.lefigaro.fr\/celebrites\/actu-people\/en-plein-meeting-en-caroline-du-nord-donald-trump-livre-des-details-intimes-sur-les-culottes-de-sa-femme-melania-20251221\" data-fig-type=\"Article\" data-gtm-custom-categorie=\"navigation\" data-gtm-custom-action=\"crossclick\" data-gtm-custom-label=\"Contextuel\" data-gtm-event=\"customEventSPE\" data-fig-domain=\"MADAME\" target=\"_blank\" rel=\"noopener\"><br \/>\n        En plein meeting en Caroline du Nord, Donald Trump livre des d\u00e9tails intimes sur les culottes de sa femme Melania<\/a>\n<\/p>\n<p>                                                                \u00abPas de cam\u00e9ras, pas de fuites\u00bb<\/p>\n<p class=\"fig-paragraph\">Le t\u00e9moin aurait racont\u00e9 que lorsqu\u2019il a \u00e9t\u00e9 aper\u00e7u et pris en photo, Barron Trump suivait son p\u00e8re dans la salle \u00e0 manger. \u00abIl \u00e9tait discret, tr\u00e8s r\u00e9serv\u00e9, portant un costume bleu habituel, presque comme Donald\u00bb aurait-il ajout\u00e9.\u00a0<a href=\"https:\/\/madame.lefigaro.fr\/tag\/barron-trump\" target=\"_blank\" data-fig-type=\"Keyword\" rel=\"sponsored noopener\" data-gtm-custom-categorie=\"navigation\" data-gtm-custom-action=\"crossclick\" data-gtm-custom-label=\"Contextuel\" data-gtm-event=\"customEventSPE\" data-fig-domain=\"MADAME\">Barron Trump<\/a>\u00a0serait alors rest\u00e9 proche de son p\u00e8re lors du d\u00eener et aurait tr\u00e8s peu parl\u00e9. \u00abIl ne souriait pas et n\u2019interagissait pas beaucoup\u00bb, aurait ajout\u00e9 la source selon Rob Shuter. Face \u00e0 l\u2019incident des photos le personnel du club aurait rapidement r\u00e9agi, avertissant les responsables de ces clich\u00e9s de possibles sanctions. \u00abLe message \u00e9tait clair\u00a0: pas de cam\u00e9ras, pas de fuites. Les moments priv\u00e9s en famille restent priv\u00e9s\u00bb, aurait d\u00e9clar\u00e9 la source. Il ne fait aucun doute,\u00a0<a href=\"http:\/\/madame.lefigaro.fr\/celebrites\/apres-les-inquietudes-de-melania-barron-trump-quitte-l-universite-de-new-york-pour-etudier-a-washington-20250918\" data-fig-type=\"Article\" data-gtm-custom-categorie=\"navigation\" data-gtm-custom-action=\"crossclick\" data-gtm-custom-label=\"Contextuel\" data-gtm-event=\"customEventSPE\" data-fig-domain=\"MADAME\" target=\"_blank\" rel=\"noopener\">Melania Trump compte bien prot\u00e9ger la vie priv\u00e9e de son fils<\/a>\u00a0quoi qu\u2019il en co\u00fbte.<\/p>\n","protected":false},"excerpt":{"rendered":"Alors qu\u2019ils se trouvaient dans un club priv\u00e9 \u00e0 Mar-a-Lago avec ses parents, pour No\u00ebl, Barron Trump aurait&hellip;\n","protected":false},"author":2,"featured_media":639209,"comment_status":"","ping_status":"","sticky":false,"template":"","format":"standard","meta":{"footnotes":""},"categories":[1359],"tags":[29673,58,59,1011,27,21831,973,2189],"class_list":{"0":"post-639208","1":"post","2":"type-post","3":"status-publish","4":"format-standard","5":"has-post-thumbnail","7":"category-people","8":"tag-barron-trump","9":"tag-divertissement","10":"tag-entertainment","11":"tag-fr","12":"tag-france","13":"tag-melania-trump","14":"tag-people","15":"tag-photos"},"share_on_mastodon":{"url":"https:\/\/pubeurope.com\/@fr\/115833605156571889","error":""},"_links":{"self":[{"href":"https:\/\/www.europesays.com\/fr\/wp-json\/wp\/v2\/posts\/639208","targetHints":{"allow":["GET"]}}],"collection":[{"href":"https:\/\/www.europesays.com\/fr\/wp-json\/wp\/v2\/posts"}],"about":[{"href":"https:\/\/www.europesays.com\/fr\/wp-json\/wp\/v2\/types\/post"}],"author":[{"embeddable":true,"href":"https:\/\/www.europesays.com\/fr\/wp-json\/wp\/v2\/users\/2"}],"replies":[{"embeddable":true,"href":"https:\/\/www.europesays.com\/fr\/wp-json\/wp\/v2\/comments?post=639208"}],"version-history":[{"count":0,"href":"https:\/\/www.europesays.com\/fr\/wp-json\/wp\/v2\/posts\/639208\/revisions"}],"wp:featuredmedia":[{"embeddable":true,"href":"https:\/\/www.europesays.com\/fr\/wp-json\/wp\/v2\/media\/639209"}],"wp:attachment":[{"href":"https:\/\/www.europesays.com\/fr\/wp-json\/wp\/v2\/media?parent=639208"}],"wp:term":[{"taxonomy":"category","embeddable":true,"href":"https:\/\/www.europesays.com\/fr\/wp-json\/wp\/v2\/categories?post=639208"},{"taxonomy":"post_tag","embeddable":true,"href":"https:\/\/www.europesays.com\/fr\/wp-json\/wp\/v2\/tags?post=639208"}],"curies":[{"name":"wp","href":"https:\/\/api.w.org\/{rel}","templated":true}]}}