{"id":639210,"date":"2026-01-03T22:48:34","date_gmt":"2026-01-03T22:48:34","guid":{"rendered":"https:\/\/www.europesays.com\/fr\/639210\/"},"modified":"2026-01-03T22:48:34","modified_gmt":"2026-01-03T22:48:34","slug":"vernissage-de-lexposition-de-gilone-de-clermont-tonnerre-lart-de-maitriser-les-fusains","status":"publish","type":"post","link":"https:\/\/www.europesays.com\/fr\/639210\/","title":{"rendered":"Vernissage de l&rsquo;exposition de Gilone de Clermont-Tonnerre : l\u2019art de ma\u00eetriser les fusains"},"content":{"rendered":"<p>\u00a0\u00c0 la galerie Breteuil de la maison Osenat \u00e0 Paris, l\u2019exposition Un trait de libert\u00e9 d\u00e9ploie l\u2019univers ardent de <strong>Gilone de Clermont-Tonnerre, qui fut pendant trente ans une fid\u00e8le collaboratrice de <\/strong><strong>Point de Vue<\/strong>, responsable de la chronique Quelles ench\u00e8res et illustratrice de nos blasons.\u00a0<\/p>\n<p>Ses fusains surgissent comme des souffles, des \u00e9lans bruts qui s\u2019imposent avec \u00e9clat. Form\u00e9e \u00e0 Madrid, Oxford et aupr\u00e8s du peintre Mac\u2019 Avoy, Gilone a tr\u00e8s t\u00f4t cherch\u00e9 \u00e0 briser les entraves. \u00ab\u00a0<strong>Les fusains de Gilone n\u2019ob\u00e9issent \u00e0 rien<\/strong>\u00ab\u00a0, nous confie son collectionneur Marco Benagli, tandis que ma\u00eetre Jean-Pierre Osenat voit dans son \u0153uvre \u00ab\u00a0<strong>un dessin musicaliste de la nature<\/strong>\u00ab\u00a0.\u00a0<\/p>\n<p>Entre ombre et lumi\u00e8re, ses grands formats ouvrent <strong>des mondes int\u00e9rieurs puissants et oniriques<\/strong>, o\u00f9 l\u2019on se perd comme dans un r\u00eave !<\/p>\n<p><img decoding=\"async\" src=\"https:\/\/www.europesays.com\/fr\/wp-content\/uploads\/2026\/01\/08_SOIREE_GILONE_PDV4038uO464mOKei.jpg\" alt=\"L\u2019\u00e9diteur Patrick de Bourgues et la m\u00e9dium Yaguel Didier.\"\/><strong>L\u2019\u00e9diteur Patrick de Bourgues et la m\u00e9dium Yaguel Didier.<\/strong> \u00a9 Dominique Ma\u00eetre<img decoding=\"async\" src=\"https:\/\/www.europesays.com\/fr\/wp-content\/uploads\/2026\/01\/10_SOIREE_GILONE_PDV4038yrD7azMQIP.jpg\" alt=\"Hippolyte Evrard, assistant chef de produit chez Parfums Christian Dior, et le communicant Nicolas Boursault.\"\/><strong>Hippolyte Evrard, assistant chef de produit chez Parfums Christian Dior, et le communicant Nicolas Boursault.<\/strong> \u00a9 Dominique Ma\u00eetre<img decoding=\"async\" src=\"https:\/\/www.europesays.com\/fr\/wp-content\/uploads\/2026\/01\/09_SOIREE_GILONE_PDV4038eaOxLa8frc.jpg\" alt=\"Ma\u00eetre Jean-Pierre Osenat.\"\/><strong>Ma\u00eetre Jean-Pierre Osenat.<\/strong> \u00a9 Dominique Ma\u00eetre<img decoding=\"async\" src=\"https:\/\/www.europesays.com\/fr\/wp-content\/uploads\/2026\/01\/13_SOIREE_GILONE_PDV4038g1DQk9j8fh.jpg\" alt=\"Jean-Philippe Hecketsweiler, pr\u00e9sident-fondateur de Peqan, et Anne Goirand, pr\u00e9sidente de Sing\u2019In.\"\/><strong>Jean-Philippe Hecketsweiler, pr\u00e9sident-fondateur de Peqan, et Anne Goirand, pr\u00e9sidente de Sing\u2019In.<\/strong> \u00a9 Dominique Ma\u00eetre<img decoding=\"async\" src=\"https:\/\/www.europesays.com\/fr\/wp-content\/uploads\/2026\/01\/03_SOIREE_GILONE_PDV4038K4u2TBXtAg.jpg\" alt=\"La romanci\u00e8re Ad\u00e9la\u00efde de Clermont-Tonnerre, directrice de la r\u00e9daction de Point de Vue, et JeanChristophe Chataignier, directeur g\u00e9n\u00e9ral d\u2019Osenat.\"\/><strong>La romanci\u00e8re Ad\u00e9la\u00efde de Clermont-Tonnerre, directrice de la r\u00e9daction de <\/strong><strong>Point de Vue<\/strong><strong>, et Jean-Christophe Chataignier, directeur g\u00e9n\u00e9ral d\u2019Osenat.<\/strong> \u00a9 Dominique Ma\u00eetre<img decoding=\"async\" src=\"https:\/\/www.europesays.com\/fr\/wp-content\/uploads\/2026\/01\/12_SOIREE_GILONE_PDV4038OZlpwoosCO.jpg\" alt=\"Jos\u00e9phine Boita, responsable des r\u00e9seaux sociaux chez Osenat, et le commissaire-priseur Hugo Th\u00e9venot.\"\/><strong>Jos\u00e9phine Boita, responsable des r\u00e9seaux sociaux chez Osenat, et le commissaire-priseur Hugo Th\u00e9venot.<\/strong> \u00a9 Dominique Ma\u00eetre<img decoding=\"async\" src=\"https:\/\/www.europesays.com\/fr\/wp-content\/uploads\/2026\/01\/19_SOIREE_GILONE_PDV4038FHPBCyrApH.jpg\" alt=\"Le baron et la baronne J\u00e9r\u00f4me Reille.\"\/><strong>Le baron et la baronne J\u00e9r\u00f4me Reille.<\/strong> \u00a9 Dominique Ma\u00eetre<img decoding=\"async\" src=\"https:\/\/www.europesays.com\/fr\/wp-content\/uploads\/2026\/01\/16_SOIREE_GILONE_PDV4038LE2QDewOpa.jpg\" alt=\"S\u00e9bastien Peiffert, consultant.\"\/><strong>S\u00e9bastien Peiffert, consultant.<\/strong> \u00a9 Dominique Ma\u00eetre<img decoding=\"async\" src=\"https:\/\/www.europesays.com\/fr\/wp-content\/uploads\/2026\/01\/15_SOIREE_GILONE_PDV4038Uw8dCD47IN.jpg\" alt=\"L'un des dessins au fusain de Gilone.\"\/><strong>L&rsquo;un des dessins au fusain de Gilone.<\/strong> \u00a9 Dominique Ma\u00eetre<img decoding=\"async\" src=\"https:\/\/www.europesays.com\/fr\/wp-content\/uploads\/2026\/01\/22_SOIREE_GILONE_PDV4038CP3GY91Hmi.jpg\" alt=\"Emilio Jover, fondateur et directeur d\u2019iFi\u2013Latineco, et l\u2019artiste Catherine Bacot-Jover.\"\/><strong>Emilio Jover, fondateur et directeur d\u2019iFi\u2013Latineco, et l\u2019artiste Catherine Bacot-Jover.<\/strong> \u00a9 Dominique Ma\u00eetre<img decoding=\"async\" src=\"https:\/\/www.europesays.com\/fr\/wp-content\/uploads\/2026\/01\/18_SOIREE_GILONE_PDV4038hLAYd2d7Rv.jpg\" alt=\"Le journaliste Thomas Obrador.\"\/><strong>Le journaliste Thomas Obrador.<\/strong> \u00a9 Dominique Ma\u00eetre<img decoding=\"async\" src=\"https:\/\/www.europesays.com\/fr\/wp-content\/uploads\/2026\/01\/04_SOIREE_GILONE_PDV4038kDGY90SsOM.jpg\" alt=\"La princesse Le\u00efla Murat, Laura de Montalembert, le prince J\u00e9rome Murat.\"\/><strong>La princesse Le\u00efla Murat, Laura de Montalembert, le prince J\u00e9rome Murat.<\/strong> \u00a9 Dominique Ma\u00eetre<img decoding=\"async\" src=\"https:\/\/www.europesays.com\/fr\/wp-content\/uploads\/2026\/01\/14_SOIREE_GILONE_PDV4038FV7U5dnGAk.jpg\" alt=\"Kasia Zaleska, styliste maroquinerie chez Chanel, et Anne-Sophie d\u2019Andlau, cofondatrice de la soci\u00e9t\u00e9 de gestion CIAM.\"\/><strong>Kasia Zaleska, styliste maroquinerie chez Chanel, et Anne-Sophie d\u2019Andlau, cofondatrice de la soci\u00e9t\u00e9 de gestion CIAM.<\/strong> \u00a9 Dominique Ma\u00eetre<img decoding=\"async\" src=\"https:\/\/www.europesays.com\/fr\/wp-content\/uploads\/2026\/01\/17_SOIREE_GILONE_PDV40381al3SxImE7.jpg\" alt=\"Le baron et la baronne Gilles Ameil.\"\/><strong>Le baron et la baronne Gilles Ameil.<\/strong> \u00a9 Dominique Ma\u00eetre<img decoding=\"async\" src=\"https:\/\/www.europesays.com\/fr\/wp-content\/uploads\/2026\/01\/05_SOIREE_GILONE_PDV4038hgcKkhDfdL.jpg\" alt=\"Louis de Russ\u00e9, directeur g\u00e9n\u00e9ral d\u2019Osenat Automobile, Julie Gau, directrice bijoux et joaillerie d\u2019Osenat, et le commissairepriseur Philippe Chauvin.\"\/><strong>Louis de Russ\u00e9, directeur g\u00e9n\u00e9ral d\u2019Osenat Automobile, Julie Gau, directrice bijoux et joaillerie d\u2019Osenat, et le commissairepriseur Philippe Chauvin.<\/strong> \u00a9 Dominique Ma\u00eetre<img decoding=\"async\" src=\"https:\/\/www.europesays.com\/fr\/wp-content\/uploads\/2026\/01\/21_SOIREE_GILONE_PDV4038_(1)CCt0gtpnkD.jpg\" alt=\"Une oeuvre de Gilone.\"\/><strong>Une oeuvre de Gilone.<\/strong> \u00a9 Dominique Ma\u00eetre<\/p>\n<p><strong>Lire aussi &gt;&gt; <\/strong><a target=\"_blank\" href=\"https:\/\/www.pointdevue.fr\/society\/soirees\/rencontres-creatives-a-la-galerie-alexandre-biaggi\" rel=\"noopener\">Rencontres cr\u00e9atives \u00e0 la galerie Alexandre Biaggi<\/a><\/p>\n<p>\u00a0<\/p>\n","protected":false},"excerpt":{"rendered":"\u00a0\u00c0 la galerie Breteuil de la maison Osenat \u00e0 Paris, l\u2019exposition Un trait de libert\u00e9 d\u00e9ploie l\u2019univers ardent&hellip;\n","protected":false},"author":2,"featured_media":639211,"comment_status":"","ping_status":"","sticky":false,"template":"","format":"standard","meta":{"footnotes":""},"categories":[1358],"tags":[1348,1384,1385,1386,58,59,1011,27],"class_list":{"0":"post-639210","1":"post","2":"type-post","3":"status-publish","4":"format-standard","5":"has-post-thumbnail","7":"category-arts-et-design","8":"tag-arts","9":"tag-arts-and-design","10":"tag-arts-et-design","11":"tag-design","12":"tag-divertissement","13":"tag-entertainment","14":"tag-fr","15":"tag-france"},"share_on_mastodon":{"url":"https:\/\/pubeurope.com\/@fr\/115833609581135149","error":""},"_links":{"self":[{"href":"https:\/\/www.europesays.com\/fr\/wp-json\/wp\/v2\/posts\/639210","targetHints":{"allow":["GET"]}}],"collection":[{"href":"https:\/\/www.europesays.com\/fr\/wp-json\/wp\/v2\/posts"}],"about":[{"href":"https:\/\/www.europesays.com\/fr\/wp-json\/wp\/v2\/types\/post"}],"author":[{"embeddable":true,"href":"https:\/\/www.europesays.com\/fr\/wp-json\/wp\/v2\/users\/2"}],"replies":[{"embeddable":true,"href":"https:\/\/www.europesays.com\/fr\/wp-json\/wp\/v2\/comments?post=639210"}],"version-history":[{"count":0,"href":"https:\/\/www.europesays.com\/fr\/wp-json\/wp\/v2\/posts\/639210\/revisions"}],"wp:featuredmedia":[{"embeddable":true,"href":"https:\/\/www.europesays.com\/fr\/wp-json\/wp\/v2\/media\/639211"}],"wp:attachment":[{"href":"https:\/\/www.europesays.com\/fr\/wp-json\/wp\/v2\/media?parent=639210"}],"wp:term":[{"taxonomy":"category","embeddable":true,"href":"https:\/\/www.europesays.com\/fr\/wp-json\/wp\/v2\/categories?post=639210"},{"taxonomy":"post_tag","embeddable":true,"href":"https:\/\/www.europesays.com\/fr\/wp-json\/wp\/v2\/tags?post=639210"}],"curies":[{"name":"wp","href":"https:\/\/api.w.org\/{rel}","templated":true}]}}