{"id":639214,"date":"2026-01-03T22:51:13","date_gmt":"2026-01-03T22:51:13","guid":{"rendered":"https:\/\/www.europesays.com\/fr\/639214\/"},"modified":"2026-01-03T22:51:13","modified_gmt":"2026-01-03T22:51:13","slug":"merci-de-me-garder-dans-vos-coeurs-les-emouvants-voeux-de-celine-dion-a-ses-fans-pour-2026","status":"publish","type":"post","link":"https:\/\/www.europesays.com\/fr\/639214\/","title":{"rendered":"\u00ab\u00a0Merci de me garder dans vos c\u0153urs\u00a0\u00bb : les \u00e9mouvants v\u0153ux de C\u00e9line Dion \u00e0 ses fans pour 2026"},"content":{"rendered":"<ul class=\"jsx-862013697 ArticleChapo__List\">\n<li class=\"jsx-862013697 ArticleChapo__List_Item flex\">\u00c0 travers une vid\u00e9o \u00e9mouvante, C\u00e9line Dion a adress\u00e9 ses v\u0153ux pour 2026.<\/li>\n<li class=\"jsx-862013697 ArticleChapo__List_Item flex\">Elle souhaite du bonheur, de la sant\u00e9, de la force et du plaisir dans les moments simples.<\/li>\n<li class=\"jsx-862013697 ArticleChapo__List_Item flex\">La star exprime \u00e9galement sa gratitude et remercie ses fans de la garder dans leurs c\u0153urs.<\/li>\n<\/ul>\n<p data-module=\"article-paragraph\" class=\"jsx-157965717 Paragraph Paragraph__End\">Si C\u00e9line Dion se tient \u00e0 l&rsquo;\u00e9cart de la sc\u00e8ne et de l&rsquo;espace m\u00e9diatique, la star canadienne n&rsquo;a jamais vraiment disparu des radars. L&rsquo;interpr\u00e8te de \u00ab\u00a0Pour que tu m&rsquo;aimes encore\u00a0\u00bb se bat contre le syndrome de la personne raide depuis plusieurs ann\u00e9es. Mais, malgr\u00e9 sa maladie, elle n&rsquo;a jamais oubli\u00e9 ses fans. Elle a pris l&rsquo;habitude de prendre la parole sur son compte Instagram lors des grandes occasions et des f\u00eates pour <a href=\"https:\/\/www.tf1info.fr\/culture\/video-celine-dion-sort-du-silence-pour-honorer-en-chanson-une-legende-quebecoise-et-c-est-de-toute-beaute-2383206.html\" target=\"_blank\" rel=\"noopener\">adresser quelques mots<\/a> face cam\u00e9ra.<\/p>\n<p data-module=\"article-paragraph\" class=\"jsx-157965717 Paragraph Paragraph__End\">\u00a0Parfois, elle le fait sous forme d&rsquo;autod\u00e9rision, parfois beaucoup plus s\u00e9rieusement, afin de maintenir le lien, si fort, qu&rsquo;elle a nou\u00e9 avec ses fans, toujours vivant. Quelques jours apr\u00e8s sa vid\u00e9o humoristique pour No\u00ebl o\u00f9 elle <a href=\"https:\/\/www.tf1info.fr\/culture\/celine-dion-grimee-en-grinch-pour-le-reveillon-la-star-signe-la-carte-de-noel-la-plus-fun-de-l-annee-2414891.html\" target=\"_blank\" rel=\"noopener\">\u00e9tait apparue grim\u00e9e en Grinch<\/a> (et reprenait reprendre le monologue du film avec Jim Carrey), C\u00e9line Dion change de registre. Dans une nouvelle vid\u00e9o chaleureuse, elle s&rsquo;est exprim\u00e9e avec tendresse pour adresser ses v\u0153ux au moment du passage \u00e0 l&rsquo;ann\u00e9e 2026.\u00a0<\/p>\n<p><a href=\"https:\/\/www.tf1info.fr\/culture\/intelligence-artificielle-celine-dion-met-en-garde-ses-fans-contre-des-chansons-utilisant-sa-voix-reproduite-grace-a-l-ia-2358425.html\" rel=\"noopener\" class=\"jsx-3308031228 Link flex\" target=\"_blank\"><img decoding=\"async\" src=\"https:\/\/www.europesays.com\/fr\/wp-content\/uploads\/2026\/01\/celine-dion-2338-f49d65-0@1x.jpeg\" alt=\"Getty Images via AFP\" loading=\"lazy\" importance=\"low\" fetchpriority=\"low\" class=\"\" aria-hidden=\"true\"\/><\/p>\n<p class=\"jsx-3657663356 ReadMoreArticle__Title\">Lire aussi<\/p>\n<p class=\"jsx-3657663356\">C\u00e9line Dion met en garde ses fans contre des chansons utilisant sa voix, reproduite gr\u00e2ce \u00e0 l&rsquo;IA<\/p>\n<p><\/a>\u00ab\u00a0Du plaisir dans les petites choses\u00a0\u00bb<\/p>\n<p data-module=\"article-paragraph\" class=\"jsx-157965717 Paragraph Paragraph__End\">V\u00eatue d\u2019un manteau fa\u00e7on peignoir couleur cr\u00e8me, nou\u00e9 \u00e0 la taille, la star d\u00e9clare, en anglais (la vid\u00e9o est tout de m\u00eame sous-titr\u00e9e en fran\u00e7ais) : \u00ab\u00a0Je veux prendre un moment pour vous envoyer tout mon amour. Que cette ann\u00e9e vous apporte la sant\u00e9, le bonheur et la paix dans votre c\u0153ur\u00a0\u00bb. Alors m\u00eame qu&rsquo;elle se bat contre la maladie, elle esp\u00e8re que chacun puisse trouver \u00ab\u00a0du plaisir dans les petites choses, et de la force dans les moments difficiles, et de la joie dans les souvenirs que vous cr\u00e9ez avec ceux que vous aimez\u00a0\u00bb.<\/p>\n<p data-module=\"article-paragraph\" class=\"jsx-157965717 Paragraph Paragraph__End\">La Canadienne envoie ensuite un baiser \u00e0 la cam\u00e9ra avant de s&rsquo;adresser directement \u00e0 ses fans : \u00ab\u00a0Merci de me garder dans vos c\u0153urs, vous \u00eates toujours dans le mien. De ma famille \u00e0 la v\u00f4tre, je vous souhaite une tr\u00e8s belle ann\u00e9e 2026\u00a0\u00bb. Une belle d\u00e9claration d&rsquo;amour adress\u00e9e \u00e0 son public qui ne l&rsquo;a jamais oubli\u00e9e et qui l&rsquo;a toujours soutenue, alors m\u00eame qu&rsquo;elle a d\u00fb dire adieu \u00e0 sa carri\u00e8re pour prendre soin d&rsquo;elle. Malgr\u00e9 tout, la star internationale avait fait une prestation exceptionnelle lors de la c\u00e9r\u00e9monie des Jeux Olympiques de Paris 2024, sa seule prestation en public depuis quatre ans.<\/p>\n<p>Sabine BOUCHOUL<\/p>\n","protected":false},"excerpt":{"rendered":"\u00c0 travers une vid\u00e9o \u00e9mouvante, C\u00e9line Dion a adress\u00e9 ses v\u0153ux pour 2026. Elle souhaite du bonheur, de&hellip;\n","protected":false},"author":2,"featured_media":568399,"comment_status":"","ping_status":"","sticky":false,"template":"","format":"standard","meta":{"footnotes":""},"categories":[1355],"tags":[1111,11,1921,7043,58,59,1011,27,1922,2041,1361,873,973,133,2040],"class_list":{"0":"post-639214","1":"post","2":"type-post","3":"status-publish","4":"format-standard","5":"has-post-thumbnail","7":"category-musique","8":"tag-actu","9":"tag-actualites","10":"tag-article-video","11":"tag-celine-dion","12":"tag-divertissement","13":"tag-entertainment","14":"tag-fr","15":"tag-france","16":"tag-info","17":"tag-medias-et-divertissement","18":"tag-music","19":"tag-musique","20":"tag-people","21":"tag-video","22":"tag-video-culture"},"share_on_mastodon":{"url":"https:\/\/pubeurope.com\/@fr\/115833620781014337","error":""},"_links":{"self":[{"href":"https:\/\/www.europesays.com\/fr\/wp-json\/wp\/v2\/posts\/639214","targetHints":{"allow":["GET"]}}],"collection":[{"href":"https:\/\/www.europesays.com\/fr\/wp-json\/wp\/v2\/posts"}],"about":[{"href":"https:\/\/www.europesays.com\/fr\/wp-json\/wp\/v2\/types\/post"}],"author":[{"embeddable":true,"href":"https:\/\/www.europesays.com\/fr\/wp-json\/wp\/v2\/users\/2"}],"replies":[{"embeddable":true,"href":"https:\/\/www.europesays.com\/fr\/wp-json\/wp\/v2\/comments?post=639214"}],"version-history":[{"count":0,"href":"https:\/\/www.europesays.com\/fr\/wp-json\/wp\/v2\/posts\/639214\/revisions"}],"wp:featuredmedia":[{"embeddable":true,"href":"https:\/\/www.europesays.com\/fr\/wp-json\/wp\/v2\/media\/568399"}],"wp:attachment":[{"href":"https:\/\/www.europesays.com\/fr\/wp-json\/wp\/v2\/media?parent=639214"}],"wp:term":[{"taxonomy":"category","embeddable":true,"href":"https:\/\/www.europesays.com\/fr\/wp-json\/wp\/v2\/categories?post=639214"},{"taxonomy":"post_tag","embeddable":true,"href":"https:\/\/www.europesays.com\/fr\/wp-json\/wp\/v2\/tags?post=639214"}],"curies":[{"name":"wp","href":"https:\/\/api.w.org\/{rel}","templated":true}]}}