{"id":639217,"date":"2026-01-03T22:53:16","date_gmt":"2026-01-03T22:53:16","guid":{"rendered":"https:\/\/www.europesays.com\/fr\/639217\/"},"modified":"2026-01-03T22:53:16","modified_gmt":"2026-01-03T22:53:16","slug":"la-decouverte-qui-intrigue-la-science","status":"publish","type":"post","link":"https:\/\/www.europesays.com\/fr\/639217\/","title":{"rendered":"la d\u00e9couverte qui intrigue la science"},"content":{"rendered":"<p>La maladie d&rsquo;Alzheimer, fl\u00e9au du vieillissement c\u00e9r\u00e9bral, pourrait trouver un alli\u00e9 inattendu dans notre pharmacie. Une \u00e9tude men\u00e9e par l&rsquo;Universit\u00e9 de Washington \u00e0 St. Louis jette un \u00e9clairage nouveau sur le lien entre sommeil et sant\u00e9 c\u00e9r\u00e9brale. Les chercheurs ont d\u00e9couvert qu&rsquo;un m\u00e9dicament contre l&rsquo;insomnie pourrait r\u00e9duire l&rsquo;accumulation de prot\u00e9ines toxiques associ\u00e9es \u00e0 Alzheimer.<\/p>\n<p>Un rem\u00e8de inattendu contre les prot\u00e9ines toxiques<\/p>\n<p>L&rsquo;\u00e9tude, publi\u00e9e dans <a href=\"https:\/\/onlinelibrary.wiley.com\/doi\/10.1002\/ana.26641\" title=\"Le suvorexant diminue fortement la phosphorylation de Tau et de A\u03b2 dans le SNC humain\" target=\"_blank\" rel=\"noopener\">Annals of Neurology<\/a>,\u00a0s&rsquo;est concentr\u00e9e sur le suvorexant, un traitement courant de l&rsquo;<a href=\"https:\/\/www.futura-sciences.com\/sante\/questions-reponses\/sommeil-insomnie-4-conseils-bien-dormir-avant-examen-reussir-epreuve-11637\/\" title=\"Insomnie : 4 conseils pour bien dormir avant un examen et r\u00e9ussir l&#039;\u00e9preuve\" target=\"_blank\" rel=\"noopener\">insomnie<\/a>. Les scientifiques ont observ\u00e9 que la prise de ce m\u00e9dicament pendant deux nuits cons\u00e9cutives entra\u00eenait une l\u00e9g\u00e8re diminution de deux prot\u00e9ines cl\u00e9s :<\/p>\n<p>Ces prot\u00e9ines sont connues pour s&rsquo;accumuler dans le <a href=\"https:\/\/www.futura-sciences.com\/sante\/definitions\/biologie-cerveau-3125\/\" target=\"_blank\" rel=\"noopener\">cerveau<\/a> des patients atteints d&rsquo;Alzheimer, formant des plaques et des enchev\u00eatrements neurofibrilaires. La r\u00e9duction de leur concentration pourrait potentiellement ralentir la progression de la maladie.<\/p>\n<p>Le Dr Brendan Lucey, <a href=\"https:\/\/www.futura-sciences.com\/formation\/metiers\/metiers-neurologue-468\/\" target=\"_blank\" rel=\"noopener\">neurologue<\/a> au Centre de m\u00e9decine du Sommeil de l&rsquo;universit\u00e9 de Washington, souligne par contre la n\u00e9cessit\u00e9 de prudence : \u00ab Il serait pr\u00e9matur\u00e9 pour les personnes inqui\u00e8tes de d\u00e9velopper Alzheimer de consid\u00e9rer cela comme une raison de commencer \u00e0 prendre du suvorexant chaque nuit \u00bb.<\/p>\n<p class=\"fs-media\">\n<p><img decoding=\"async\" data-imgid=\"full\" src=\"https:\/\/www.europesays.com\/fr\/wp-content\/uploads\/2026\/01\/alzheimer-sommeil-medicament.png\" width=\"1080\" height=\"720\" alt=\"\" loading=\"lazy\"\/><br \/>\nCe somnif\u00e8re, tr\u00e8s connu, intrigue les chercheurs sur Alzheimer : il pourrait retarder les signes pr\u00e9coces d&rsquo;Alzheimer. \u00a9 Tassii, iStock<\/p>\n<p>Le sommeil, cl\u00e9 de la sant\u00e9 c\u00e9r\u00e9brale<\/p>\n<p>Cette d\u00e9couverte s&rsquo;inscrit dans un contexte plus large <a href=\"https:\/\/www.futura-sciences.com\/maison\/definitions\/construction-maison-liant-17955\/\" target=\"_blank\" rel=\"noopener\">liant<\/a> <a href=\"https:\/\/www.futura-sciences.com\/sante\/questions-reponses\/sommeil-troubles-sommeil-conseils-mieux-gerer-19931\/\" title=\"Troubles du sommeil : conseils pour mieux les g\u00e9rer\" target=\"_blank\" rel=\"noopener\">troubles du sommeil<\/a>\u00a0et Alzheimer. Les perturbations du sommeil sont souvent un signe pr\u00e9coce de la maladie, pr\u00e9c\u00e9dant parfois les <a href=\"https:\/\/www.futura-sciences.com\/sante\/definitions\/medecine-symptome-834\/\" target=\"_blank\" rel=\"noopener\">sympt\u00f4mes<\/a> cognitifs. Les chercheurs pensent que favoriser un sommeil de qualit\u00e9 pourrait \u00eatre une strat\u00e9gie pour pr\u00e9venir ou ralentir Alzheimer.<\/p>\n<p>Le sommeil joue un r\u00f4le crucial dans l&rsquo;\u00e9limination des <a href=\"https:\/\/www.futura-sciences.com\/planete\/definitions\/developpement-durable-dechet-5725\/\" target=\"_blank\" rel=\"noopener\">d\u00e9chets<\/a> c\u00e9r\u00e9braux. Pendant notre repos <a href=\"https:\/\/www.futura-sciences.com\/planete\/definitions\/zoologie-nocturne-6741\/\" target=\"_blank\" rel=\"noopener\">nocturne<\/a>, le cerveau active un syst\u00e8me de nettoyage, \u00e9vacuant les prot\u00e9ines potentiellement nocives. Un sommeil perturb\u00e9 pourrait compromettre ce processus vital.<\/p>\n<p>Des r\u00e9sultats prometteurs, mais des questions persistent<\/p>\n<p>L&rsquo;\u00e9tude, bien que prometteuse, soul\u00e8ve plusieurs interrogations. Men\u00e9e sur seulement 38 participants d&rsquo;\u00e2ge moyen sans <a href=\"https:\/\/www.futura-sciences.com\/sante\/actualites\/sommeil-apnee-sommeil-favorise-troubles-cognitifs-112087\/\" title=\"L&#039;apn\u00e9e du sommeil favorise les troubles cognitifs\" target=\"_blank\" rel=\"noopener\">troubles cognitifs<\/a>, elle ne couvre que deux nuits de traitement. Les effets \u00e0 long terme du suvorexant sur la <a href=\"https:\/\/www.futura-sciences.com\/sante\/actualites\/nutrition-alimentation-qualite-pourrait-freiner-progression-alzheimer-57607\/\" title=\"Une alimentation de qualit\u00e9 pourrait freiner la progression d\u2019Alzheimer\" target=\"_blank\" rel=\"noopener\">progression d&rsquo;Alzheimer<\/a> restent \u00e0 d\u00e9terminer.<\/p>\n<p>Et aussi, l&rsquo;utilisation prolong\u00e9e de <a href=\"https:\/\/www.futura-sciences.com\/sante\/definitions\/deficit-sommeil-somnifere-15670\/\" target=\"_blank\" rel=\"noopener\">somnif\u00e8res<\/a> soul\u00e8ve des pr\u00e9occupations :<\/p>\n<ol dir=\"ltr\">\n<li role=\"presentation\">Risque de d\u00e9pendance.<\/li>\n<li role=\"presentation\">Qualit\u00e9 du sommeil potentiellement alt\u00e9r\u00e9e.<\/li>\n<li role=\"presentation\">Effets secondaires \u00e0 long terme inconnus.<\/li>\n<\/ol>\n<p>Le Dr Lucey reste optimiste : \u00ab J&rsquo;esp\u00e8re que nous d\u00e9velopperons un jour des m\u00e9dicaments exploitant le lien entre sommeil et Alzheimer pour pr\u00e9venir le <a href=\"https:\/\/www.futura-sciences.com\/sante\/actualites\/medecine-declin-cognitif-manifeste-45-ans-35865\/\" title=\"Le d\u00e9clin cognitif se manifeste d\u00e8s 45 ans\" target=\"_blank\" rel=\"noopener\">d\u00e9clin cognitif<\/a>. Mais nous n&rsquo;y sommes pas encore \u00bb.<\/p>\n<p>Vers une approche globale de la sant\u00e9 c\u00e9r\u00e9brale<\/p>\n<p>En attendant des traitements cibl\u00e9s, les experts recommandent une approche holistique de la sant\u00e9 c\u00e9r\u00e9brale. Am\u00e9liorer l&rsquo;hygi\u00e8ne du sommeil et traiter les <a href=\"https:\/\/www.futura-sciences.com\/sante\/definitions\/sommeil-trouble-sommeil-13495\/\" target=\"_blank\" rel=\"noopener\">troubles du sommeil<\/a> comme l&rsquo;<a href=\"https:\/\/www.futura-sciences.com\/sante\/definitions\/medecine-apnee-3004\/\" target=\"_blank\" rel=\"noopener\">apn\u00e9e<\/a> sont des strat\u00e9gies b\u00e9n\u00e9fiques \u00e0 tout \u00e2ge.<\/p>\n<p>Cette \u00e9tude, bien qu&rsquo;elle ne constitue pas une solution miracle, ouvre de nouvelles pistes de recherche. Elle souligne l&rsquo;importance cruciale du sommeil dans la <a href=\"https:\/\/www.futura-sciences.com\/planete\/definitions\/developpement-durable-prevention-6509\/\" target=\"_blank\" rel=\"noopener\">pr\u00e9vention<\/a> des <a href=\"https:\/\/www.futura-sciences.com\/sante\/actualites\/vie-maladies-neurodegeneratives-decouverte-cercle-vicieux-8659\/\" title=\"Maladies neurod\u00e9g\u00e9n\u00e9ratives : d\u00e9couverte d&#039;un cercle vicieux\" target=\"_blank\" rel=\"noopener\">maladies neurod\u00e9g\u00e9n\u00e9ratives<\/a> et encourage \u00e0 repenser notre approche du vieillissement c\u00e9r\u00e9bral.<\/p>\n<p>La qu\u00eate d&rsquo;un traitement efficace contre Alzheimer se poursuit, avec l&rsquo;espoir que des solutions innovantes <a href=\"https:\/\/www.futura-sciences.com\/planete\/definitions\/zoologie-emergence-8743\/\" target=\"_blank\" rel=\"noopener\">\u00e9mergent<\/a> \u00e0 l&rsquo;intersection de domaines inattendus comme le sommeil et la <a href=\"https:\/\/www.futura-sciences.com\/sante\/definitions\/medecine-neurologie-13729\/\" target=\"_blank\" rel=\"noopener\">neurologie<\/a>.<\/p>\n","protected":false},"excerpt":{"rendered":"La maladie d&rsquo;Alzheimer, fl\u00e9au du vieillissement c\u00e9r\u00e9bral, pourrait trouver un alli\u00e9 inattendu dans notre pharmacie. Une \u00e9tude men\u00e9e&hellip;\n","protected":false},"author":2,"featured_media":639218,"comment_status":"","ping_status":"","sticky":false,"template":"","format":"standard","meta":{"footnotes":""},"categories":[10],"tags":[64983,231,286,281,1011,27,72,4982,278,70049,7081,16292,64984,292,71,279,14155,282],"class_list":{"0":"post-639217","1":"post","2":"type-post","3":"status-publish","4":"format-standard","5":"has-post-thumbnail","7":"category-sante","8":"tag-beta-amyloide","9":"tag-cerveau","10":"tag-declin-cognitif","11":"tag-demence","12":"tag-fr","13":"tag-france","14":"tag-health","15":"tag-insomnie","16":"tag-les-tendances","17":"tag-maladie-d039alzheimer","18":"tag-maladie-neurodegenerative","19":"tag-medicaments","20":"tag-proteine-tau","21":"tag-qualite-du-sommeil","22":"tag-sante","23":"tag-sommeil","24":"tag-somniferes","25":"tag-vieillissement"},"share_on_mastodon":{"url":"https:\/\/pubeurope.com\/@fr\/115833628598058643","error":""},"_links":{"self":[{"href":"https:\/\/www.europesays.com\/fr\/wp-json\/wp\/v2\/posts\/639217","targetHints":{"allow":["GET"]}}],"collection":[{"href":"https:\/\/www.europesays.com\/fr\/wp-json\/wp\/v2\/posts"}],"about":[{"href":"https:\/\/www.europesays.com\/fr\/wp-json\/wp\/v2\/types\/post"}],"author":[{"embeddable":true,"href":"https:\/\/www.europesays.com\/fr\/wp-json\/wp\/v2\/users\/2"}],"replies":[{"embeddable":true,"href":"https:\/\/www.europesays.com\/fr\/wp-json\/wp\/v2\/comments?post=639217"}],"version-history":[{"count":0,"href":"https:\/\/www.europesays.com\/fr\/wp-json\/wp\/v2\/posts\/639217\/revisions"}],"wp:featuredmedia":[{"embeddable":true,"href":"https:\/\/www.europesays.com\/fr\/wp-json\/wp\/v2\/media\/639218"}],"wp:attachment":[{"href":"https:\/\/www.europesays.com\/fr\/wp-json\/wp\/v2\/media?parent=639217"}],"wp:term":[{"taxonomy":"category","embeddable":true,"href":"https:\/\/www.europesays.com\/fr\/wp-json\/wp\/v2\/categories?post=639217"},{"taxonomy":"post_tag","embeddable":true,"href":"https:\/\/www.europesays.com\/fr\/wp-json\/wp\/v2\/tags?post=639217"}],"curies":[{"name":"wp","href":"https:\/\/api.w.org\/{rel}","templated":true}]}}