{"id":639219,"date":"2026-01-03T22:54:23","date_gmt":"2026-01-03T22:54:23","guid":{"rendered":"https:\/\/www.europesays.com\/fr\/639219\/"},"modified":"2026-01-03T22:54:23","modified_gmt":"2026-01-03T22:54:23","slug":"vainqueurs-a-monaco-et-lille-lol-et-rennes-se-rapprochent-du-podium","status":"publish","type":"post","link":"https:\/\/www.europesays.com\/fr\/639219\/","title":{"rendered":"vainqueurs \u00e0 Monaco et Lille, l&rsquo;OL et Rennes se rapprochent du podium"},"content":{"rendered":"\n<p class=\"c-chapo \">\n  Les Rennais, en sup\u00e9riorit\u00e9 num\u00e9rique, ont battu le Losc (2-0), samedi.\n<\/p>\n<p>      lire plus tard<\/p>\n<p id=\"dialog__title\" class=\"dialog__title\">Pour sauvegarder cet article, connectez-vous ou cr\u00e9ez un compte franceinfo<\/p>\n<p class=\"dialog__description\">Sans paiement. Sans abonnement.<\/p>\n<p>        Fermer la fen\u00eatre d\u2019activation des notifications France Info<\/p>\n<p>      cr\u00e9er votre compte<\/p>\n<p>      se connecter<\/p>\n<p>      :<\/p>\n<p>        Fermer la fen\u00eatre de pr\u00e9sentation<\/p>\n<p>    <img loading=\"lazy\" decoding=\"async\" class=\"signature__image lazyload\" width=\"100\" height=\"100\" data- alt=\"\" src=\"https:\/\/www.europesays.com\/fr\/wp-content\/uploads\/2025\/05\/64bfe77cf3234_adrien-rond.png\"\/><\/p>\n<p>          France T\u00e9l\u00e9visions &#8211; R\u00e9daction Sport<\/p>\n<p>    Publi\u00e9 le 03\/01\/2026 19:04<\/p>\n<p>      Mis \u00e0 jour le 03\/01\/2026 23:14<\/p>\n<p>        Temps de lecture : 4min<\/p>\n<p>    <img decoding=\"async\"  alt=\"Le Lyonnais Ainsley Maitland-Niles ballon au pied face \u00e0 Monaco, le 3 janvier 2026, en Ligue 1. (AFP)\" width=\"432\" height=\"243\" src=\"https:\/\/www.europesays.com\/fr\/wp-content\/uploads\/2026\/01\/000-89j7463-695955794beb5477839243.jpg\" fetchpriority=\"high\"\/><\/p>\n<p>      Le Lyonnais Ainsley Maitland-Niles ballon au pied face \u00e0 Monaco, le 3 janvier 2026, en Ligue 1. (AFP)<\/p>\n<p>En attendant Endrick, <a href=\"https:\/\/www.franceinfo.fr\/sports\/foot\/ol\/ligue-1-qui-est-endrick-la-star-bresilienne-de-19-ans-pretee-par-le-real-madrid-a-l-ol-pour-dynamiter-son-attaque_7698124.html\" target=\"_blank\" rel=\"noopener\">jeune star br\u00e9silienne pr\u00eat\u00e9e par le Real Madrid<\/a>, l&rsquo;Olympique lyonnais peut compter sur Pavel Sulc. Le milieu offensif tch\u00e8que a une nouvelle fois port\u00e9 les siens, samedi 3 janvier, lors du choc de la 17e journ\u00e9e de Ligue 1 sur la pelouse de l&rsquo;AS Monaco. Auteur d&rsquo;un doubl\u00e9, le meilleur buteur de l&rsquo;OL cette saison a port\u00e9 son total \u00e0 8 r\u00e9alisations, et mis les Lyonnais sur les rails d&rsquo;un pr\u00e9cieux succ\u00e8s sur le Rocher (3-1). Car, en attendant les autres affiches du week-end, cette victoire permet \u00e0 l&rsquo;OL de revenir \u00e0 deux points du podium.<\/p>\n<p>Un podium dont s&rsquo;\u00e9loigne l&rsquo;AS Monaco, d\u00e9sormais 9e provisoire \u00e0 9 points de l&rsquo;OM (3e) et du Losc (4e), qui comptent un match en moins, et \u00e0 7 points de l&rsquo;Olympique lyonnais (5e). <a href=\"https:\/\/www.franceinfo.fr\/sports\/foot\/ligue-1\/ligue-1-monaco-fait-chuter-un-paris-saint-germain-sans-inspiration_7648010.html\" target=\"_blank\" rel=\"noopener\">Vainqueur du PSG avant les f\u00eates<\/a>, le club princier ne sait plus gagner depuis, et a conc\u00e9d\u00e9 samedi sa troisi\u00e8me d\u00e9faite de rang en Ligue 1, incapable de r\u00e9sister aux assauts lyonnais avant d&rsquo;\u00eatre logiquement r\u00e9duit \u00e0 dix sur un pied haut inconsid\u00e9r\u00e9 de Mamadou Coulibaly (70e) sur la gorge de Nicolas Tagliafico. Une fin am\u00e8re pour celui qui avait pourtant \u00e9galis\u00e9 en faveur de l&rsquo;AS Monaco en fin de premi\u00e8re p\u00e9riode, profitant d&rsquo;une sortie hasardeuse du portier lyonnais (45+4e, 1-1).<\/p>\n<p>Si ce carton rouge ne pourra pas \u00eatre contest\u00e9 par l&rsquo;ASM, les Mon\u00e9gasques garderont en travers de la gorge une autre d\u00e9cision arbitrale : le but refus\u00e9 \u00e0 Thilo Kehrer sur un corner, apr\u00e8s une faute l\u00e9g\u00e8re de son co\u00e9quipier Jordan Teze sur Corentin Tolisso (53e). Une r\u00e9alisation qui aurait permis \u00e0 Monaco de prendre les devants, apr\u00e8s un premier acte hach\u00e9 qui avait laiss\u00e9 les deux \u00e9quipes dos \u00e0 dos. Mais l&rsquo;arbitre J\u00e9r\u00f4me Brisard, bien qu&rsquo;appel\u00e9 par le VAR, ne s&rsquo;est pas d\u00e9jug\u00e9 et, quatre minutes plus tard, Pavel Sulc a doubl\u00e9 la mise d&rsquo;une frappe crois\u00e9e au sol \u00e0 l&rsquo;entr\u00e9e de la surface (2-1, 57e).<\/p>\n<p>Le second but de la soir\u00e9e du Tch\u00e8que, qui avait trouv\u00e9 la faille de la cuisse en premi\u00e8re p\u00e9riode, en rodant au second poteau sur le premier corner du jour (1-0, 38e). Plus pr\u00e9cis et tranchants, les Lyonnais avaient alors le match bien en mains, avant que Mamadou Coulibaly ne voie rouge, et qu&rsquo;Abner Vinicius n&rsquo;enfonce le clou pour l&rsquo;OL d&rsquo;un tir \u00e9cras\u00e9 du droit (3-1, 79e). De quoi donner plus d&rsquo;ampleur \u00e0 ce succ\u00e8s m\u00e9rit\u00e9 pour Lyon, qui met la pression sur l&rsquo;OM et le Losc, en revenant \u00e0 deux points du podium.\u00a0<\/p>\n<p>Si l&rsquo;OM pourra reprendre de l&rsquo;air en cas de victoire dimanche face \u00e0 Nantes, \u00e7a n&rsquo;a pas \u00e9t\u00e9 le cas du Losc. Les Lillois, qui recevaient le Stade rennais samedi, ont en effet chut\u00e9 \u00e0 domicile face aux Bretons, au bout d&rsquo;une soir\u00e9e tendue au stade Pierre-Mauroy. La faute \u00e0 l&rsquo;expulsion d&rsquo;Alexsandro en d\u00e9but de rencontre (13e), une d\u00e9cision qui a ulc\u00e9r\u00e9 le banc lillois et le pr\u00e9sident du Losc, Olivier L\u00e9tang. Mais qui a surtout permis \u00e0 Rennes, emballant, de prendre le contr\u00f4le de la rencontre.<\/p>\n<p>Dominateurs, les Rennais ont toutefois patient\u00e9 jusqu&rsquo;au d\u00e9but de seconde p\u00e9riode pour ouvrir le score, gr\u00e2ce \u00e0 Przemyslaw Frankowski, auteur d&rsquo;une t\u00eate piqu\u00e9e imparable (49e, 1-0). L&rsquo;autre lat\u00e9ral breton, Quentin Merlin, s&rsquo;est charg\u00e9 du break quelques minutes plus tard, en ouvrant son pied gauche (57e, 2-0). Deux r\u00e9alisations qui suffisent au bonheur des Rennais, qui, comme Lyon, reviennent \u00e0 deux points du podium.<\/p>\n<p><a href=\"https:\/\/www.franceinfo.fr\/sports\/foot\/ligue-1\/claude-puel-deja-sur-le-banc-de-l-ogc-nice-entre-2012-et-2016-nomme-entraineur-des-aiglons-jusqu-a-la-fin-de-la-saison_7708612.html\" target=\"_blank\" rel=\"noopener\">Pour le premier match de Claude Puel depuis sa nomination<\/a>, Nice a de son c\u00f4t\u00e9 conc\u00e9d\u00e9 le match nul sur sa pelouse face au RC Strasbourg (1-1). Pr\u00eat\u00e9 par l&rsquo;Eintracht Francfort \u00e0 l&rsquo;OGCN, l&rsquo;attaquant fran\u00e7ais Elye Wahi a \u00e9galis\u00e9 pour les Aiglons, d\u00e8s sa premi\u00e8re apparition sous le maillot ni\u00e7ois, r\u00e9pondant \u00e0 l&rsquo;ouverture du score sur penalty de <a href=\"https:\/\/www.franceinfo.fr\/sports\/foot\/ligue-1\/ligue-1-joaquin-panichelli-le-meilleur-buteur-surprise-du-championnat-qui-vient-de-loin_7566700.html\" target=\"_blank\" rel=\"noopener\">l&rsquo;Argentin Joaquin Panichelli<\/a>.<\/p>\n","protected":false},"excerpt":{"rendered":"Les Rennais, en sup\u00e9riorit\u00e9 num\u00e9rique, ont battu le Losc (2-0), samedi. lire plus tard Pour sauvegarder cet article,&hellip;\n","protected":false},"author":2,"featured_media":639220,"comment_status":"","ping_status":"","sticky":false,"template":"","format":"standard","meta":{"footnotes":""},"categories":[9],"tags":[1011,27,60],"class_list":{"0":"post-639219","1":"post","2":"type-post","3":"status-publish","4":"format-standard","5":"has-post-thumbnail","7":"category-sports","8":"tag-fr","9":"tag-france","10":"tag-sports"},"share_on_mastodon":{"url":"https:\/\/pubeurope.com\/@fr\/115833632576235811","error":""},"_links":{"self":[{"href":"https:\/\/www.europesays.com\/fr\/wp-json\/wp\/v2\/posts\/639219","targetHints":{"allow":["GET"]}}],"collection":[{"href":"https:\/\/www.europesays.com\/fr\/wp-json\/wp\/v2\/posts"}],"about":[{"href":"https:\/\/www.europesays.com\/fr\/wp-json\/wp\/v2\/types\/post"}],"author":[{"embeddable":true,"href":"https:\/\/www.europesays.com\/fr\/wp-json\/wp\/v2\/users\/2"}],"replies":[{"embeddable":true,"href":"https:\/\/www.europesays.com\/fr\/wp-json\/wp\/v2\/comments?post=639219"}],"version-history":[{"count":0,"href":"https:\/\/www.europesays.com\/fr\/wp-json\/wp\/v2\/posts\/639219\/revisions"}],"wp:featuredmedia":[{"embeddable":true,"href":"https:\/\/www.europesays.com\/fr\/wp-json\/wp\/v2\/media\/639220"}],"wp:attachment":[{"href":"https:\/\/www.europesays.com\/fr\/wp-json\/wp\/v2\/media?parent=639219"}],"wp:term":[{"taxonomy":"category","embeddable":true,"href":"https:\/\/www.europesays.com\/fr\/wp-json\/wp\/v2\/categories?post=639219"},{"taxonomy":"post_tag","embeddable":true,"href":"https:\/\/www.europesays.com\/fr\/wp-json\/wp\/v2\/tags?post=639219"}],"curies":[{"name":"wp","href":"https:\/\/api.w.org\/{rel}","templated":true}]}}