{"id":639227,"date":"2026-01-03T22:58:17","date_gmt":"2026-01-03T22:58:17","guid":{"rendered":"https:\/\/www.europesays.com\/fr\/639227\/"},"modified":"2026-01-03T22:58:17","modified_gmt":"2026-01-03T22:58:17","slug":"au-yemen-les-separatistes-du-sud-veulent-faire-secession","status":"publish","type":"post","link":"https:\/\/www.europesays.com\/fr\/639227\/","title":{"rendered":"Au Y\u00e9men, les s\u00e9paratistes du Sud veulent faire s\u00e9cession"},"content":{"rendered":"<p>                     <img loading=\"lazy\" decoding=\"async\" src=\"https:\/\/www.europesays.com\/fr\/wp-content\/uploads\/2026\/01\/fb00c9f_ftp-1-pr8q6kc5ta5i-4ec7ce5d16c5414da46e174b12f21eab-0-1214788e57214212b2321872750f41a0.jpg\" alt=\"Des partisans du Conseil de transition du Sud (CTS) brandissent des drapeaux du Y\u00e9men du Sud, lors d\u2019un rassemblement \u00e0 Aden, au Y\u00e9men, vendredi 2\u00a0janvier 2026.\"   width=\"664\" height=\"443\"\/>    Des partisans du Conseil de transition du Sud (CTS) brandissent des drapeaux du Y\u00e9men du Sud, lors d\u2019un rassemblement \u00e0 Aden, au Y\u00e9men, vendredi 2\u00a0janvier 2026.  AP                 <\/p>\n<p class=\"article__paragraph  \">Dans un geste de d\u00e9fiance envers le gouvernement y\u00e9m\u00e9nite et son parrain saoudien, les s\u00e9paratistes du Conseil de transition du Sud (CTS) ont annonc\u00e9, vendredi 2\u00a0janvier au soir, le d\u00e9but d\u2019un processus pour r\u00e9tablir un Etat dans le sud du Y\u00e9men. Dans une d\u00e9claration t\u00e9l\u00e9vis\u00e9e, le pr\u00e9sident du CTS, Aidarous\u00a0Al-Zoubaidi, a d\u00e9cr\u00e9t\u00e9 une p\u00e9riode transitoire de deux\u00a0ans. La d\u00e9claration constitutionnelle, publi\u00e9e par le CTS, pr\u00e9voit un r\u00e9f\u00e9rendum d\u2019autod\u00e9termination pour \u00ab\u00a0l\u2019Etat d\u2019Arabie du Sud\u00a0\u00bb dans les fronti\u00e8res de l\u2019ex-R\u00e9publique d\u00e9mocratique populaire du Y\u00e9men, qui fut ind\u00e9pendante entre 1967 et 1990, avec pour capitale Aden.<\/p>\n<p class=\"article__paragraph  \">Le CTS fait partie du gouvernement y\u00e9m\u00e9nite, reconnu par la communaut\u00e9 internationale, et de la coalition arabe form\u00e9e en\u00a02015\u00a0par l\u2019Arabie saoudite et les Emirats arabes unis contre les rebelles houthistes qui se sont empar\u00e9s de la capitale, Sanaa, avec le soutien de l\u2019Iran. N\u00e9anmoins, depuis sa cr\u00e9ation en\u00a02017, le groupe s\u00e9paratiste, soutenu par les Emirats, porte le projet d\u2019ind\u00e9pendance du Y\u00e9men du Sud.<\/p>\n<p class=\"article__paragraph  \">Aidarous\u00a0Al-Zoubaidi a appel\u00e9 la communaut\u00e9 internationale \u00e0 parrainer un \u00ab\u00a0dialogue\u00a0\u00bb avec le gouvernement y\u00e9m\u00e9nite, avertissant que le groupe s\u00e9paratiste d\u00e9clarerait \u00ab\u00a0imm\u00e9diatement\u00a0\u00bb l\u2019ind\u00e9pendance si l\u2019appel au dialogue n\u2019\u00e9tait pas entendu ou si le sud du Y\u00e9men \u00e9tait de nouveau l\u2019objet d\u2019\u00ab\u00a0agressions militaires\u00a0\u00bb. Vendredi matin, le gouvernement y\u00e9m\u00e9nite a lanc\u00e9, avec le soutien saoudien, <a href=\"https:\/\/www.lemonde.fr\/international\/article\/2026\/01\/02\/yemen-le-gouverneur-de-l-hadramaout-lance-une-operation-pour-reprendre-des-bases-militaires-de-maniere-pacifique_6660339_3210.html\" target=\"_blank\" rel=\"noopener\">une offensive pour r\u00e9cup\u00e9rer les provinces de l\u2019Hadramaout et de Mahra<\/a>, que le CTS avait conquises d\u00e9but d\u00e9cembre\u00a02025, avec le palais pr\u00e9sidentiel \u00e0 Aden.<\/p>\n<p class=\"reading-mode-only \"><strong>Il vous reste 67.5% de cet article \u00e0 lire. La suite est r\u00e9serv\u00e9e aux abonn\u00e9s.<\/strong><\/p>\n","protected":false},"excerpt":{"rendered":"Des partisans du Conseil de transition du Sud (CTS) brandissent des drapeaux du Y\u00e9men du Sud, lors d\u2019un&hellip;\n","protected":false},"author":2,"featured_media":639228,"comment_status":"","ping_status":"","sticky":false,"template":"","format":"standard","meta":{"footnotes":""},"categories":[5],"tags":[11,1011,27,14,12,28],"class_list":{"0":"post-639227","1":"post","2":"type-post","3":"status-publish","4":"format-standard","5":"has-post-thumbnail","7":"category-international","8":"tag-actualites","9":"tag-fr","10":"tag-france","11":"tag-international","12":"tag-news","13":"tag-world"},"share_on_mastodon":{"url":"https:\/\/pubeurope.com\/@fr\/115833648232421613","error":""},"_links":{"self":[{"href":"https:\/\/www.europesays.com\/fr\/wp-json\/wp\/v2\/posts\/639227","targetHints":{"allow":["GET"]}}],"collection":[{"href":"https:\/\/www.europesays.com\/fr\/wp-json\/wp\/v2\/posts"}],"about":[{"href":"https:\/\/www.europesays.com\/fr\/wp-json\/wp\/v2\/types\/post"}],"author":[{"embeddable":true,"href":"https:\/\/www.europesays.com\/fr\/wp-json\/wp\/v2\/users\/2"}],"replies":[{"embeddable":true,"href":"https:\/\/www.europesays.com\/fr\/wp-json\/wp\/v2\/comments?post=639227"}],"version-history":[{"count":0,"href":"https:\/\/www.europesays.com\/fr\/wp-json\/wp\/v2\/posts\/639227\/revisions"}],"wp:featuredmedia":[{"embeddable":true,"href":"https:\/\/www.europesays.com\/fr\/wp-json\/wp\/v2\/media\/639228"}],"wp:attachment":[{"href":"https:\/\/www.europesays.com\/fr\/wp-json\/wp\/v2\/media?parent=639227"}],"wp:term":[{"taxonomy":"category","embeddable":true,"href":"https:\/\/www.europesays.com\/fr\/wp-json\/wp\/v2\/categories?post=639227"},{"taxonomy":"post_tag","embeddable":true,"href":"https:\/\/www.europesays.com\/fr\/wp-json\/wp\/v2\/tags?post=639227"}],"curies":[{"name":"wp","href":"https:\/\/api.w.org\/{rel}","templated":true}]}}