{"id":639233,"date":"2026-01-03T23:01:21","date_gmt":"2026-01-03T23:01:21","guid":{"rendered":"https:\/\/www.europesays.com\/fr\/639233\/"},"modified":"2026-01-03T23:01:21","modified_gmt":"2026-01-03T23:01:21","slug":"saint-etienne-une-seance-cine-solidaire-organisee-au-melies-saint-francois-pour-aider-la-tribu-wayuu","status":"publish","type":"post","link":"https:\/\/www.europesays.com\/fr\/639233\/","title":{"rendered":"Saint-\u00c9tienne. Une s\u00e9ance cin\u00e9 solidaire organis\u00e9e au M\u00e9li\u00e8s Saint-Fran\u00e7ois pour aider la tribu Wayuu"},"content":{"rendered":"<p>Jeudi 8\u00a0janvier \u00e0 20 heures, au M\u00e9li\u00e8s Saint-Fran\u00e7ois, sera projet\u00e9 Les Oiseaux de passage , un film colombien sorti en 2018. \u00ab\u00a0Ce n\u2019est pas un documentaire, mais un film tr\u00e8s pr\u00e9cis sur ce qui se passe dans le d\u00e9sert colombien\u00a0\u00bb, estime Karine Gu\u00e9rit, fondatrice de l\u2019association.<\/p>\n<p>Ce d\u00e9sert colombien, elle le conna\u00eet bien. Voyageuse inv\u00e9t\u00e9r\u00e9e, Karine Gu\u00e9rit s\u2019est rendue il y a quelques ann\u00e9es en&#8230;<\/p>\n","protected":false},"excerpt":{"rendered":"Jeudi 8\u00a0janvier \u00e0 20 heures, au M\u00e9li\u00e8s Saint-Fran\u00e7ois, sera projet\u00e9 Les Oiseaux de passage , un film colombien&hellip;\n","protected":false},"author":2,"featured_media":639234,"comment_status":"","ping_status":"","sticky":false,"template":"","format":"standard","meta":{"footnotes":""},"categories":[9653],"tags":[1111,11,2430,7539,1777,674,1011,27,12,25,4001,7538,104,1631],"class_list":{"0":"post-639233","1":"post","2":"type-post","3":"status-publish","4":"format-standard","5":"has-post-thumbnail","7":"category-saint-etienne","8":"tag-actu","9":"tag-actualites","10":"tag-auvergne-rhone-alpes","11":"tag-edition-loire-sud","12":"tag-eu","13":"tag-europe","14":"tag-fr","15":"tag-france","16":"tag-news","17":"tag-republique-francaise","18":"tag-saint-etienne","19":"tag-saint-etienne-ville","20":"tag-societe","21":"tag-vie-associative"},"share_on_mastodon":{"url":"https:\/\/pubeurope.com\/@fr\/115833660136315224","error":""},"_links":{"self":[{"href":"https:\/\/www.europesays.com\/fr\/wp-json\/wp\/v2\/posts\/639233","targetHints":{"allow":["GET"]}}],"collection":[{"href":"https:\/\/www.europesays.com\/fr\/wp-json\/wp\/v2\/posts"}],"about":[{"href":"https:\/\/www.europesays.com\/fr\/wp-json\/wp\/v2\/types\/post"}],"author":[{"embeddable":true,"href":"https:\/\/www.europesays.com\/fr\/wp-json\/wp\/v2\/users\/2"}],"replies":[{"embeddable":true,"href":"https:\/\/www.europesays.com\/fr\/wp-json\/wp\/v2\/comments?post=639233"}],"version-history":[{"count":0,"href":"https:\/\/www.europesays.com\/fr\/wp-json\/wp\/v2\/posts\/639233\/revisions"}],"wp:featuredmedia":[{"embeddable":true,"href":"https:\/\/www.europesays.com\/fr\/wp-json\/wp\/v2\/media\/639234"}],"wp:attachment":[{"href":"https:\/\/www.europesays.com\/fr\/wp-json\/wp\/v2\/media?parent=639233"}],"wp:term":[{"taxonomy":"category","embeddable":true,"href":"https:\/\/www.europesays.com\/fr\/wp-json\/wp\/v2\/categories?post=639233"},{"taxonomy":"post_tag","embeddable":true,"href":"https:\/\/www.europesays.com\/fr\/wp-json\/wp\/v2\/tags?post=639233"}],"curies":[{"name":"wp","href":"https:\/\/api.w.org\/{rel}","templated":true}]}}