{"id":639237,"date":"2026-01-03T23:03:41","date_gmt":"2026-01-03T23:03:41","guid":{"rendered":"https:\/\/www.europesays.com\/fr\/639237\/"},"modified":"2026-01-03T23:03:41","modified_gmt":"2026-01-03T23:03:41","slug":"neuves-maisons-la-disparue-du-nouvel-an-retrouvee-noyee-dans-le-canal","status":"publish","type":"post","link":"https:\/\/www.europesays.com\/fr\/639237\/","title":{"rendered":"Neuves-Maisons. La disparue du nouvel An retrouv\u00e9e noy\u00e9e dans le canal"},"content":{"rendered":"<p>Le corps sans vie de Lydie Poplin, une habitante de Neuves-Maisons de 44 ans qui avait disparu dans la nuit du nouvel An, a \u00e9t\u00e9 retrouv\u00e9 ce samedi apr\u00e8s-midi dans la portion du canal de l\u2019Est qui longe la rue Joseph-Cugnot, \u00e0 proximit\u00e9 de la caserne des pompiers et derri\u00e8re un magasin Intermarch\u00e9. La quadrag\u00e9naire avait quitt\u00e9 son domicile le 31\u00a0d\u00e9cembre vers 23\u00a0h\u00a030 et n\u2019avait plus donn\u00e9 de nouvelles depuis.<\/p>\n<p>Cela avait inqui\u00e9t\u00e9 sa famille qui avait alert\u00e9 la gendarmerie. Les militaires ont d\u00e9clench\u00e9 des op\u00e9rations de recherches avec des chiens et des drones. Un appel \u00e0 t\u00e9moins a \u00e9galement \u00e9t\u00e9 diffus\u00e9. Sans succ\u00e8s.<\/p>\n<p>Des membres de la famille de la disparue ont \u00e9galement arpent\u00e9, de leurs c\u00f4t\u00e9s, Neuves-Maisons et ses environs. Ce sont eux qui ont rep\u00e9r\u00e9 son corps dans le canal. Pr\u00e9venus, les pompiers se sont ensuite charg\u00e9s de rep\u00eacher sa d\u00e9pouille.<\/p>\n<p>Selon les premiers \u00e9l\u00e9ments de l\u2019enqu\u00eate, la quadrag\u00e9naire aurait mis fin \u00e0 ses jours en se jetant \u00e0 l\u2019eau.<\/p>\n","protected":false},"excerpt":{"rendered":"Le corps sans vie de Lydie Poplin, une habitante de Neuves-Maisons de 44 ans qui avait disparu dans&hellip;\n","protected":false},"author":2,"featured_media":639238,"comment_status":"","ping_status":"","sticky":false,"template":"","format":"standard","meta":{"footnotes":""},"categories":[9635],"tags":[1111,11,9848,3676,1704,1777,674,274,1011,27,775,3457,1702,9847,12,25],"class_list":{"0":"post-639237","1":"post","2":"type-post","3":"status-publish","4":"format-standard","5":"has-post-thumbnail","7":"category-nancy","8":"tag-actu","9":"tag-actualites","10":"tag-cc-moselle-et-madon-54b","11":"tag-disparition-inquietante","12":"tag-edition-nancy-et-agglomeration","13":"tag-eu","14":"tag-europe","15":"tag-faits-divers-justice","16":"tag-fr","17":"tag-france","18":"tag-grand-est","19":"tag-meurthe-et-moselle","20":"tag-nancy","21":"tag-neuves-maisons","22":"tag-news","23":"tag-republique-francaise"},"share_on_mastodon":{"url":"https:\/\/pubeurope.com\/@fr\/115833667879753165","error":""},"_links":{"self":[{"href":"https:\/\/www.europesays.com\/fr\/wp-json\/wp\/v2\/posts\/639237","targetHints":{"allow":["GET"]}}],"collection":[{"href":"https:\/\/www.europesays.com\/fr\/wp-json\/wp\/v2\/posts"}],"about":[{"href":"https:\/\/www.europesays.com\/fr\/wp-json\/wp\/v2\/types\/post"}],"author":[{"embeddable":true,"href":"https:\/\/www.europesays.com\/fr\/wp-json\/wp\/v2\/users\/2"}],"replies":[{"embeddable":true,"href":"https:\/\/www.europesays.com\/fr\/wp-json\/wp\/v2\/comments?post=639237"}],"version-history":[{"count":0,"href":"https:\/\/www.europesays.com\/fr\/wp-json\/wp\/v2\/posts\/639237\/revisions"}],"wp:featuredmedia":[{"embeddable":true,"href":"https:\/\/www.europesays.com\/fr\/wp-json\/wp\/v2\/media\/639238"}],"wp:attachment":[{"href":"https:\/\/www.europesays.com\/fr\/wp-json\/wp\/v2\/media?parent=639237"}],"wp:term":[{"taxonomy":"category","embeddable":true,"href":"https:\/\/www.europesays.com\/fr\/wp-json\/wp\/v2\/categories?post=639237"},{"taxonomy":"post_tag","embeddable":true,"href":"https:\/\/www.europesays.com\/fr\/wp-json\/wp\/v2\/tags?post=639237"}],"curies":[{"name":"wp","href":"https:\/\/api.w.org\/{rel}","templated":true}]}}