{"id":639248,"date":"2026-01-03T23:14:11","date_gmt":"2026-01-03T23:14:11","guid":{"rendered":"https:\/\/www.europesays.com\/fr\/639248\/"},"modified":"2026-01-03T23:14:11","modified_gmt":"2026-01-03T23:14:11","slug":"le-sporting-debute-2026-par-une-victoire-precieuse-face-a-grenoble-1-0","status":"publish","type":"post","link":"https:\/\/www.europesays.com\/fr\/639248\/","title":{"rendered":"le Sporting d\u00e9bute 2026 par une victoire pr\u00e9cieuse face \u00e0 Grenoble (1-0)"},"content":{"rendered":"<p>\t\t\t\t\t <strong>SC Bastia 1 \u2013 0 Grenoble Foot 38 (mi temps 1 &#8211; 0 ) <br \/>Stade Armand Cesari (8.312 spectateurs) <br \/>Arbitre\u00a0: Romain Lissorgue <br \/>But : <br \/>SC Bastia\u00a0: Sebas (44\u00e8me) <br \/>Grenoble <br \/>Avertissements <br \/>SC Bastia: Sebas (13\u00e8me), Vincent (25\u00e8me), Guevara (64\u00e8me), Bonhert 90+5) <br \/>Grenoble\u00a0: Vidal (7\u00e8me), Paquiez (90+1) <\/p>\n<p>SC Bastia <br \/>Placide, Guevara, Roncaglia, Bohnert, Meynadier, Vincent, Boutrah (Karamoko 76\u00e8me), Petrignani (Basset 60\u00e8me), Janneh (Lebas 90+3), Tomi, Sebas (Aiki 76\u00e8me). Entraineur\u00a0: Reginald Ray <\/p>\n<p>Grenoble <br \/>Allain, Vidal (Bechikh 80\u00e8me), Delos, Zahui (Kerou\u00e9dan 77\u00e8me), Xantippe, Paquiez, Sarikaya (Mouyokolo 69\u00e8me), Benet, Valls (Bangr\u00e9 69\u00e8me), Diba, Diaby. Entraineur\u00a0: Franck Rizzetto<\/p>\n<p><\/strong> <\/p>\n<p>R\u00e9ginald Ray a choisi d\u2019aligner son \u00e9quipe dans un 4-4-2. Une organisation d\u00e9j\u00e0 utilis\u00e9e et jug\u00e9e efficace en d\u00e9cembre. En face, Grenoble a opt\u00e9 pour une d\u00e9fense \u00e0 cinq. La premi\u00e8re situation dangereuse sera d\u2019ailleurs grenobloise, avec une reprise de la t\u00eate bien capt\u00e9e par Johny Placide. <br \/>Le d\u00e9but de rencontre est engag\u00e9. La tension est palpable, aussi bien dans le jeu que sur les premi\u00e8res transitions bastiaises. Les duels sont nombreux et l\u2019arbitre sort rapidement les cartons, avertissant le milieu grenoblois Th\u00e9o Vidal (7e), puis J\u00e9r\u00e9my Sebas (13e). <\/p>\n<p>Ma\u00eetres du ballon durant le premier quart d\u2019heure, les Bastiais peinent toutefois \u00e0 trouver des espaces face \u00e0 un bloc d\u00e9fensif grenoblois tr\u00e8s compact, mais dont la faille s\u2019est trouv\u00e9e \u00eatre les long ballons que les bastiais auront su exploiter \u00e0 plusieurs reprises. Grenoble se montre plus tranchant sur ses rares incursions, mettant la d\u00e9fense bastiaise sous pression, mais se heurte \u00e0 un Johny Placide d\u00e9cisif \u00e0 plusieurs reprises. <\/p>\n<p>Il faut attendre la 16e minute pour voir la premi\u00e8re v\u00e9ritable occasion bastiaise. Bien servi par Amine Boutrah, Florian Bonhert glisse un ballon dans la surface pour F\u00e9lix Tomi, tout proche d\u2019ouvrir le score. \u00c0 la 25e minute, Tomi lance J\u00e9r\u00e9my Sebas en profondeur, mais malgr\u00e9 sa vitesse, l\u2019attaquant bastiais ne parvient pas \u00e0 exploiter l\u2019ouverture. Le portier grenoblois reste au sol et permet \u00e0 Grenoble de casser une nouvelle fois le rythme de la rencontre. <\/p>\n<p>Malgr\u00e9 un tempo globalement lent, le Sporting se projette rapidement en contre. J\u00e9r\u00e9my Sebas se procure une nouvelle occasion, seul face au gardien grenoblois, mais sa frappe fr\u00f4le le poteau. L\u2019attaquant bastiais se rattrape juste avant la pause. \u00c0 la 44e minute, sur une tr\u00e8s longue ouverture de Florian Bonhert, il remporte son duel et ouvre le score. Le Sporting m\u00e8ne 1-0 \u00e0 la mi-temps. <br \/>\u00a0 <\/p>\n<p>Au retour des vestiaires, les deux \u00e9quipes se jaugent essentiellement au milieu de terrain. \u00c0 la 55e minute, Johny Placide, l\u2019international ha\u00eftien, r\u00e9alise une nouvelle parade d\u00e9cisive et sauve le Sporting d\u2019une \u00e9galisation quasi certaine d\u00e8s l\u2019entame de la seconde p\u00e9riode. La d\u00e9fense bastiaise doit alors r\u00e9sister \u00e0 un pressing grenoblois plus haut et plus intense. <br \/>R\u00e9ginald Ray apporte de la fra\u00eecheur et renforce sa d\u00e9fense en faisant entrer Donovan Basset \u00e0 la place de Mateo Petrignani (60e). La premi\u00e8re occasion bastiaise de cette seconde mi-temps intervient \u00e0 la 65e minute, \u00e0 la suite d\u2019une faute subie par Amine Boutrah \u00e0 la limite de la surface de r\u00e9paration. Le coup franc se heurte \u00e0 trois reprises au mur grenoblois. <br \/>Quelques minutes plus tard, Amine Boutrah s\u2019infiltre dans la surface adverse en \u00e9liminant plusieurs d\u00e9fenseurs, mais sa ma\u00eetrise du ballon n\u2019est pas r\u00e9compens\u00e9e. \u00c0 la 76e minute, Karamoko et Aiki remplacent Boutrah et Sebas. <br \/>Sous une forte pression grenobloise dans les dix derni\u00e8res minutes, les Bastiais font preuve de solidit\u00e9 et tiennent bon jusqu\u2019au coup de sifflet final. Le Sporting s\u2019impose 1-0 et s\u2019offre une victoire pr\u00e9cieuse et longtemps esp\u00e9r\u00e9e.\n\t\t\t\t <\/p>\n","protected":false},"excerpt":{"rendered":"SC Bastia 1 \u2013 0 Grenoble Foot 38 (mi temps 1 &#8211; 0 ) Stade Armand Cesari (8.312&hellip;\n","protected":false},"author":2,"featured_media":639249,"comment_status":"","ping_status":"","sticky":false,"template":"","format":"standard","meta":{"footnotes":""},"categories":[9566],"tags":[1111,11,2430,5621,6777,5624,11049,2517,11050,11052,1777,674,118,22338,63,1011,27,2731,45358,14914,2487,12,25,5628],"class_list":{"0":"post-639248","1":"post","2":"type-post","3":"status-publish","4":"format-standard","5":"has-post-thumbnail","7":"category-grenoble","8":"tag-actu","9":"tag-actualites","10":"tag-auvergne-rhone-alpes","11":"tag-bastia","12":"tag-bonjour","13":"tag-calvi","14":"tag-cni","15":"tag-corse","16":"tag-corse-net-infos","17":"tag-corsica","18":"tag-eu","19":"tag-europe","20":"tag-faits-divers","21":"tag-fc-grenoble","22":"tag-football","23":"tag-fr","24":"tag-france","25":"tag-grenoble","26":"tag-ligue-2-bkt","27":"tag-lingua-corsa","28":"tag-meteo","29":"tag-news","30":"tag-republique-francaise","31":"tag-sc-bastia"},"share_on_mastodon":{"url":"https:\/\/pubeurope.com\/@fr\/115833710995980106","error":""},"_links":{"self":[{"href":"https:\/\/www.europesays.com\/fr\/wp-json\/wp\/v2\/posts\/639248","targetHints":{"allow":["GET"]}}],"collection":[{"href":"https:\/\/www.europesays.com\/fr\/wp-json\/wp\/v2\/posts"}],"about":[{"href":"https:\/\/www.europesays.com\/fr\/wp-json\/wp\/v2\/types\/post"}],"author":[{"embeddable":true,"href":"https:\/\/www.europesays.com\/fr\/wp-json\/wp\/v2\/users\/2"}],"replies":[{"embeddable":true,"href":"https:\/\/www.europesays.com\/fr\/wp-json\/wp\/v2\/comments?post=639248"}],"version-history":[{"count":0,"href":"https:\/\/www.europesays.com\/fr\/wp-json\/wp\/v2\/posts\/639248\/revisions"}],"wp:featuredmedia":[{"embeddable":true,"href":"https:\/\/www.europesays.com\/fr\/wp-json\/wp\/v2\/media\/639249"}],"wp:attachment":[{"href":"https:\/\/www.europesays.com\/fr\/wp-json\/wp\/v2\/media?parent=639248"}],"wp:term":[{"taxonomy":"category","embeddable":true,"href":"https:\/\/www.europesays.com\/fr\/wp-json\/wp\/v2\/categories?post=639248"},{"taxonomy":"post_tag","embeddable":true,"href":"https:\/\/www.europesays.com\/fr\/wp-json\/wp\/v2\/tags?post=639248"}],"curies":[{"name":"wp","href":"https:\/\/api.w.org\/{rel}","templated":true}]}}