{"id":639250,"date":"2026-01-03T23:16:23","date_gmt":"2026-01-03T23:16:23","guid":{"rendered":"https:\/\/www.europesays.com\/fr\/639250\/"},"modified":"2026-01-03T23:16:23","modified_gmt":"2026-01-03T23:16:23","slug":"rapidement-reduit-a-dix-le-losc-de-giroud-sincline-face-a-rennes-et-lache-de-precieux-points","status":"publish","type":"post","link":"https:\/\/www.europesays.com\/fr\/639250\/","title":{"rendered":"rapidement r\u00e9duit \u00e0 dix, le Losc de Giroud s\u2019incline face \u00e0 Rennes et l\u00e2che de pr\u00e9cieux points"},"content":{"rendered":"<p>\n    R\u00e9duits rapidement \u00e0 dix, les Lillois n\u2019ont rien pu faire \u00e0 domicile et s\u2019inclinent face \u00e0 Rennes ce samedi pour la 17e journ\u00e9e de Ligue 1.<\/p>\n<p class=\"fig-paragraph\">Le podium s\u2019\u00e9loigne. 2026 a bien mal commenc\u00e9 pour Lille, battu \u00e0 domicile\u00a0<a href=\"https:\/\/www.lefigaro.fr\/sports\/football\/live\/ligue-1\/2025\/2568580\/lille-rennes\" target=\"_blank\" data-fig-type=\"Live\" rel=\"noopener\" data-gtm-custom-categorie=\"navigation\" data-gtm-custom-action=\"crossclick\" data-gtm-custom-label=\"Contextuel\" data-gtm-event=\"customEventSPE\" data-fig-domain=\"LEFIGARO\">par Rennes (2-0)<\/a>\u00a0samedi soir au stade Pierre-Mauroy, apr\u00e8s avoir pass\u00e9 plus des trois quarts du match en inf\u00e9riorit\u00e9 num\u00e9rique.<\/p>\n<p class=\"fig-paragraph\">Le Losc est assur\u00e9 de conserver\u00a0<a href=\"https:\/\/www.lefigaro.fr\/sports\/football\/ligue-1\/classement\" target=\"_blank\" rel=\"sponsored noopener\" data-gtm-custom-categorie=\"navigation\" data-gtm-custom-action=\"crossclick\" data-gtm-custom-label=\"Contextuel\" data-gtm-event=\"customEventSPE\">sa quatri\u00e8me place (32 points)<\/a>\u00a0\u00e0 l\u2019issue de cette\u00a0<a href=\"https:\/\/www.lefigaro.fr\/sports\/football\/ligue-1\/calendrier-resultats?journee=17\" target=\"_blank\" rel=\"sponsored noopener\" data-gtm-custom-categorie=\"navigation\" data-gtm-custom-action=\"crossclick\" data-gtm-custom-label=\"Contextuel\" data-gtm-event=\"customEventSPE\">17e journ\u00e9e de Ligue 1<\/a>, mais voit Lyon (5e) et Rennes (6e) revenir \u00e0 deux unit\u00e9s, tandis que Marseille (3e, 32 pts) et le Paris Saint-Germain (2e, 36 pts) pourraient prendre de l\u2019avance en cas de succ\u00e8s dimanche.<\/p>\n<p>                                            <a class=\"fig-a11y-skip\" href=\"#fig-a11y-skip-main-inarticle\" data-module=\"a11y-skip\" data-context=\"was @visible\"><br \/>\n    Passer la publicit\u00e9<br \/>\n<\/a>            <\/p>\n<p class=\"fig-paragraph\">Si Lille a vu sa s\u00e9rie de quatre succ\u00e8s s\u2019\u00e9vanouir en m\u00eame temps que 2025, c\u2019est en grande partie \u00e0 cause du carton rouge re\u00e7u par Alexsandro d\u00e8s la 13e minute.<\/p>\n<p class=\"fig-paragraph\">L\u2019international br\u00e9silien (3 s\u00e9lections) a \u00e9t\u00e9 coupable d\u2019une perte de balle dangereuse aux abords de sa surface de r\u00e9paration, avant de faucher Breel Embolo, qui venait de la r\u00e9cup\u00e9rer. Cela valait-il un carton rouge\u00a0? Pas selon Bruno Genesio, qui a d\u00fb \u00eatre retenu par plusieurs joueurs alors qu\u2019il se dirigeait vers \u00c9ric Wattellier \u00e0 la mi-temps, ni\u00a0<a href=\"http:\/\/www.lefigaro.fr\/sports\/football\/ligue-1\/ligue-1-c-est-une-honte-c-est-un-scandale-le-nouveau-coup-de-sang-d-olivier-letang-envers-l-arbitrage-20260103\" target=\"_blank\" data-fig-type=\"NewsFlash\" rel=\"noopener\" data-gtm-custom-categorie=\"navigation\" data-gtm-custom-action=\"crossclick\" data-gtm-custom-label=\"Contextuel\" data-gtm-event=\"customEventSPE\" data-fig-domain=\"LEFIGARO\">Olivier L\u00e9tang<\/a>, qui a interpell\u00e9 l\u2019arbitre \u00e0 la mi-temps, ce qui n\u2019am\u00e9liorera pas son image aupr\u00e8s des instances dirigeantes du football. Genesio avait d\u00e9j\u00e0 fortement critiqu\u00e9 l\u2019arbitrage de M. Wattellier apr\u00e8s le derby perdu \u00e0 Lens (3-0) plus t\u00f4t dans la saison.<\/p>\n<p>                                            Retour rat\u00e9 d\u2019Alexsandro<\/p>\n<p class=\"fig-paragraph\">Ce carton rouge a en tout cas plomb\u00e9 les espoirs des Dogues, et le retour d\u2019Alexsandro apr\u00e8s trois mois et demi loin des pelouses \u00e0 cause d\u2019une blessure au quadriceps droit. Bruno Genesio comptait pourtant beaucoup sur lui, en l\u2019absence d\u2019A\u00efssa Mandi et Chancel Mbemba qui disputent la Coupe d\u2019Afrique des nations (CAN).<\/p>\n<p class=\"fig-paragraph\">Avec Nabil Bentaleb redescendu au sein de la d\u00e9fense centrale, Lille s\u2019est pourtant procur\u00e9 les meilleures occasions de la premi\u00e8re p\u00e9riode par Thomas Meunier, d\u2019une frappe qui a fr\u00f4l\u00e9 les cages rennaises (33e), puis Matias Fernandez-Pardo, pas assez pr\u00e9cis pour battre Brice Samba (40e, 45e+3).<\/p>\n<p class=\"fig-paragraph\">Apr\u00e8s un premier acte d\u00e9cevant malgr\u00e9 la possession du ballon (65%), le Stade rennais a assomm\u00e9 son adversaire en huit minutes: d\u2019abord en ouvrant le score gr\u00e2ce \u00e0 Przemyslaw Frankowski, tout heureux de placer une t\u00eate gagnante (49e) face \u00e0 son ancien grand rival, lorsqu\u2019il portait les couleurs lensoises; puis par Quentin Merlin, bien d\u00e9cal\u00e9 par Breel Embolo alors que la d\u00e9fense lilloise s\u2019\u00e9tait oubli\u00e9e (57e).<\/p>\n<p>                                            <a class=\"fig-a11y-skip\" href=\"#fig-a11y-skip-main-inarticle_mtf\" data-module=\"a11y-skip\" data-context=\"was @visible\"><br \/>\n    Passer la publicit\u00e9<br \/>\n<\/a>            <\/p>\n<p class=\"fig-paragraph\">Sans \u00eatre dominateur dans le jeu ni m\u00eame serein en d\u00e9fense, le club breton a conserv\u00e9 son avantage jusqu\u2019au bout pour entretenir sa belle forme faite de six victoires lors des sept derniers matches de championnat. Les joueurs d\u2019Habib Beye, dont l\u2019objectif est de d\u00e9crocher un ticket europ\u00e9en en fin de saison, ont eu l\u2019occasion d\u2019aggraver le score par Breel Embolo (65e) et Esteban Lepaul (83e), sans toutefois y parvenir.<\/p>\n<p class=\"fig-paragraph\">En face, les Nordistes auraient pu profiter de plusieurs pertes de balles dangereuses des Rennais pour r\u00e9duire le score mais ni Hakon Haraldsson (82e) ni Ayyoub Bouaddi (88e) n\u2019ont r\u00e9ussi \u00e0 le faire. Au terme d\u2019un match disput\u00e9 sans rythme, sous le toit ferm\u00e9 du stade Pierre-Mauroy, Rennes a lanc\u00e9 son ann\u00e9e civile id\u00e9alement, laissant Lille \u00e0 ses regrets.<\/p>\n","protected":false},"excerpt":{"rendered":"R\u00e9duits rapidement \u00e0 dix, les Lillois n\u2019ont rien pu faire \u00e0 domicile et s\u2019inclinent face \u00e0 Rennes ce&hellip;\n","protected":false},"author":2,"featured_media":639251,"comment_status":"","ping_status":"","sticky":false,"template":"","format":"standard","meta":{"footnotes":""},"categories":[2821],"tags":[1111,11,829,1777,674,1011,27,2267,12,5959,584,25,3087],"class_list":{"0":"post-639250","1":"post","2":"type-post","3":"status-publish","4":"format-standard","5":"has-post-thumbnail","7":"category-rennes","8":"tag-actu","9":"tag-actualites","10":"tag-bretagne","11":"tag-eu","12":"tag-europe","13":"tag-fr","14":"tag-france","15":"tag-losc","16":"tag-news","17":"tag-olivier-giroud","18":"tag-rennes","19":"tag-republique-francaise","20":"tag-stade-rennais"},"share_on_mastodon":{"url":"https:\/\/pubeurope.com\/@fr\/115833718997975179","error":""},"_links":{"self":[{"href":"https:\/\/www.europesays.com\/fr\/wp-json\/wp\/v2\/posts\/639250","targetHints":{"allow":["GET"]}}],"collection":[{"href":"https:\/\/www.europesays.com\/fr\/wp-json\/wp\/v2\/posts"}],"about":[{"href":"https:\/\/www.europesays.com\/fr\/wp-json\/wp\/v2\/types\/post"}],"author":[{"embeddable":true,"href":"https:\/\/www.europesays.com\/fr\/wp-json\/wp\/v2\/users\/2"}],"replies":[{"embeddable":true,"href":"https:\/\/www.europesays.com\/fr\/wp-json\/wp\/v2\/comments?post=639250"}],"version-history":[{"count":0,"href":"https:\/\/www.europesays.com\/fr\/wp-json\/wp\/v2\/posts\/639250\/revisions"}],"wp:featuredmedia":[{"embeddable":true,"href":"https:\/\/www.europesays.com\/fr\/wp-json\/wp\/v2\/media\/639251"}],"wp:attachment":[{"href":"https:\/\/www.europesays.com\/fr\/wp-json\/wp\/v2\/media?parent=639250"}],"wp:term":[{"taxonomy":"category","embeddable":true,"href":"https:\/\/www.europesays.com\/fr\/wp-json\/wp\/v2\/categories?post=639250"},{"taxonomy":"post_tag","embeddable":true,"href":"https:\/\/www.europesays.com\/fr\/wp-json\/wp\/v2\/tags?post=639250"}],"curies":[{"name":"wp","href":"https:\/\/api.w.org\/{rel}","templated":true}]}}