{"id":639260,"date":"2026-01-03T23:22:39","date_gmt":"2026-01-03T23:22:39","guid":{"rendered":"https:\/\/www.europesays.com\/fr\/639260\/"},"modified":"2026-01-03T23:22:39","modified_gmt":"2026-01-03T23:22:39","slug":"lenorme-tacle-deric-roy-au-fc-nantes-sur-la-rumeur-del-castillo","status":"publish","type":"post","link":"https:\/\/www.europesays.com\/fr\/639260\/","title":{"rendered":"L\u2019\u00e9norme tacle d\u2019Eric Roy au FC Nantes sur la rumeur Del Castillo"},"content":{"rendered":"<p>Mercato oblige, des rumeurs fleurissent ici et l\u00e0. Du c\u00f4t\u00e9 du Stade Brestois, <a href=\"https:\/\/www.footmercato.net\/joueur\/romain-del-castillo\/\" target=\"_blank\" rel=\"noopener\">Romain Del Castillo<\/a> (29 ans) est courtis\u00e9 par le FC <a href=\"https:\/\/www.footmercato.net\/club\/fc-nantes\/\" target=\"_blank\" rel=\"noopener\">Nantes<\/a>, alors qu\u2019il est l\u2019un des hommes forts des Ty\u2019Zefs (6 buts et 2 passes d\u00e9cisives en 15 matchs de championnat). Il est encore sous contrat (2027) et n\u2019a pas montr\u00e9 des signes de m\u00e9contentement ou d\u2019envie d\u2019ailleurs selon <a href=\"https:\/\/www.footmercato.net\/entraineur\/eric-roy\" target=\"_blank\" rel=\"noopener\">Eric Roy<\/a>, qui a pr\u00e9f\u00e9r\u00e9 plaisanter face \u00e0 cette rumeur.<\/p>\n<p>            La suite apr\u00e8s cette publicit\u00e9<\/p>\n<p>\u00ab Il \u00e9tait en jaune ce matin, il avait des chaussures jaunes et une chasuble jaune. Il pourra jouer demain quand m\u00eame ? \u00bb, ironise le technicien avant de carr\u00e9ment tacler les Canaris, en moins bonne situation sportive. \u00ab Si Romain est d\u00e9stabilis\u00e9 pour aller \u00e0 Nantes, c\u2019est triste pour nous. Je crois qu\u2019on a un peu plus de points qu\u2019eux, aujourd\u2019hui. Si encore Chelsea l\u2019avait appel\u00e9, ou le PSG, bon, \u00e0 la limite, je veux bien. Mais pour le reste\u2026 \u00bb <a href=\"https:\/\/www.footmercato.net\/france\/ligue-1\/classement\" target=\"_blank\" rel=\"noopener\">11e, Brest a 8 longueurs d\u2019avance sur le FC Nantes, avant-dernier de Ligue 1<\/a>.<\/p>\n<p>\n    Pub. le 03\/01\/2026 17:27<br \/>\n            &#8211; MAJ le 03\/01\/2026 22:32\n    <\/p>\n","protected":false},"excerpt":{"rendered":"Mercato oblige, des rumeurs fleurissent ici et l\u00e0. Du c\u00f4t\u00e9 du Stade Brestois, Romain Del Castillo (29 ans)&hellip;\n","protected":false},"author":2,"featured_media":639261,"comment_status":"","ping_status":"","sticky":false,"template":"","format":"standard","meta":{"footnotes":""},"categories":[2818],"tags":[1111,11,1777,674,1011,27,766,12,2636,25],"class_list":{"0":"post-639260","1":"post","2":"type-post","3":"status-publish","4":"format-standard","5":"has-post-thumbnail","7":"category-nantes","8":"tag-actu","9":"tag-actualites","10":"tag-eu","11":"tag-europe","12":"tag-fr","13":"tag-france","14":"tag-nantes","15":"tag-news","16":"tag-pays-de-la-loire","17":"tag-republique-francaise"},"share_on_mastodon":{"url":"https:\/\/pubeurope.com\/@fr\/115833742466981569","error":""},"_links":{"self":[{"href":"https:\/\/www.europesays.com\/fr\/wp-json\/wp\/v2\/posts\/639260","targetHints":{"allow":["GET"]}}],"collection":[{"href":"https:\/\/www.europesays.com\/fr\/wp-json\/wp\/v2\/posts"}],"about":[{"href":"https:\/\/www.europesays.com\/fr\/wp-json\/wp\/v2\/types\/post"}],"author":[{"embeddable":true,"href":"https:\/\/www.europesays.com\/fr\/wp-json\/wp\/v2\/users\/2"}],"replies":[{"embeddable":true,"href":"https:\/\/www.europesays.com\/fr\/wp-json\/wp\/v2\/comments?post=639260"}],"version-history":[{"count":0,"href":"https:\/\/www.europesays.com\/fr\/wp-json\/wp\/v2\/posts\/639260\/revisions"}],"wp:featuredmedia":[{"embeddable":true,"href":"https:\/\/www.europesays.com\/fr\/wp-json\/wp\/v2\/media\/639261"}],"wp:attachment":[{"href":"https:\/\/www.europesays.com\/fr\/wp-json\/wp\/v2\/media?parent=639260"}],"wp:term":[{"taxonomy":"category","embeddable":true,"href":"https:\/\/www.europesays.com\/fr\/wp-json\/wp\/v2\/categories?post=639260"},{"taxonomy":"post_tag","embeddable":true,"href":"https:\/\/www.europesays.com\/fr\/wp-json\/wp\/v2\/tags?post=639260"}],"curies":[{"name":"wp","href":"https:\/\/api.w.org\/{rel}","templated":true}]}}