{"id":639262,"date":"2026-01-03T23:24:11","date_gmt":"2026-01-03T23:24:11","guid":{"rendered":"https:\/\/www.europesays.com\/fr\/639262\/"},"modified":"2026-01-03T23:24:11","modified_gmt":"2026-01-03T23:24:11","slug":"top-14-dans-le-dur-50-minutes-bordeaux-begles-a-humilie-le-racing-92","status":"publish","type":"post","link":"https:\/\/www.europesays.com\/fr\/639262\/","title":{"rendered":"Top 14 \u2013 Dans le dur 50 minutes, Bordeaux-B\u00e8gles a humili\u00e9 le Racing 92\u00a0!"},"content":{"rendered":"<p>\n                Jusqu\u2019\u00e0 l\u2019heure de jeu, le Racing 92 a bien malmen\u00e9 Bordeaux-B\u00e8gles. Mais les Bordelais ont finalement r\u00e9ussi \u00e0 \u00e9puiser puis \u00e0 contourner les puissants Franciliens pour s\u2019offrir un tr\u00e8s large et bonifi\u00e9 succ\u00e8s sur le score sans appel de 62-20. Les Girondins ont inflig\u00e9 \u00e0 leurs adversaires un terrible 47-0 en deuxi\u00e8me p\u00e9riode\u00a0!\n            <\/p>\n<p>L\u2019UBB avait l\u2019opportunit\u00e9 de se remettre \u00e0 l\u2019endroit <strong><a href=\"https:\/\/www.rugbyrama.fr\/2025\/12\/29\/top-14-il-nous-a-manque-ce-5-a-10-denergie-supplementaire-bordeaux-begles-pris-dans-le-brouillard-auvergnat-13134714.php\" target=\"_self\" rel=\"noopener\">apr\u00e8s le revers conc\u00e9d\u00e9 \u00e0 Clermont <\/a><\/strong>et surtout de distancer un concurrent direct pour la qualification. Les Franciliens n\u2019avaient aucun complexe \u00e0 nourrir et le duel du samedi soir s\u2019annon\u00e7ait passionnant entre deux styles de rugby <strong><a href=\"https:\/\/www.rugbyrama.fr\/2026\/01\/03\/direct-top-14-bordeaux-begles-racing-92-suivez-le-match-de-la-14eme-journee-13142141.php\" target=\"_self\" rel=\"noopener\">qui allaient s\u2019affronter \u00e0 Chaban-Delmas<\/a><\/strong>, tout cela avant la prochaine parenth\u00e8se europ\u00e9enne qui se profilait. Penaud se chargeait de r\u00e9chauffer l\u2019ambiance rapidement apr\u00e8s une belle course d\u2019Uberti au pr\u00e9alable dans le couloir oppos\u00e9 (7-0, 8e). Les Racingmen s\u2019\u00e9vertuaient \u00e0 conserver le ballon dans la foul\u00e9e et se voyaient r\u00e9compens\u00e9s par Seunes, appelant le ballon face \u00e0 la difficult\u00e9 en claquant un drop de plus de 40 m\u00e8tres (7-3, 16e).<\/p>\n<p>Toujours aussi efficients en conqu\u00eate, capables de ralentir les transitions girondines, les visiteurs poursuivaient leur travail de rapprochement par une nouvelle p\u00e9nalit\u00e9 lointaine de Seunes afin de rester au contact (7-6, 27e). <strong><a href=\"https:\/\/www.rugbyrama.fr\/equipe\/union-bordeaux-begles\/\" target=\"_self\" rel=\"noopener\">Bordeaux-B\u00e8gles r\u00e9agissait<\/a><\/strong> et mettait un peu plus d\u2019implication dans son contenu. Jalibert profitait d\u2019un v\u00e9ritable travail de sape collectif pr\u00e8s de la ligne, pour bonifier sur une inversion de jeu une belle action (12-6, 30e). La r\u00e9plique ne tardait gu\u00e8re pour les Ciel et Blanc, Hugues \u00e9tant \u00e0 la retomb\u00e9e d\u2019une p\u00e9naltouche pas forc\u00e9ment id\u00e9ale au d\u00e9part, mais par la faveur d\u2019un rebond favorable et d\u2019une puissance d\u00e9gag\u00e9e par Hugues, le troisi\u00e8me ligne centre ramenait les siens au tableau d\u2019affichage (12-13, 38e). Un dernier effort des Unionistes permettra aux locaux de virer en t\u00eate par Lucu sur une derni\u00e8re p\u00e9nalit\u00e9 avant le passage aux vestiaires.<\/p>\n<blockquote data-class=\"twitter-tweet\">\n<p lang=\"fr\" dir=\"ltr\">Jusqu\u2019\u00e0 l\u2019heure de jeu, le Racing 92 a malmen\u00e9 l\u2019UBB. Mais les Bordelais ont mis les points sur les I et les barres sur les T ! Les Girondins ont finalement inflig\u00e9 \u00e0 leurs adversaires un terrible 47-0 en deuxi\u00e8me p\u00e9riode\u00a0!<\/p>\n<p>Le r\u00e9sum\u00e9 -&gt; <a href=\"https:\/\/t.co\/VzBZdxe0S8\">https:\/\/t.co\/VzBZdxe0S8<\/a> <a href=\"https:\/\/t.co\/JIu6mycJpp\">pic.twitter.com\/JIu6mycJpp<\/a><\/p>\n<p>\u2014 RUGBYRAMA (@RugbyramaFR) <a href=\"https:\/\/twitter.com\/RugbyramaFR\/status\/2007575199420690539?ref_src=twsrc%5Etfw\" target=\"_blank\" rel=\"noopener\">January 3, 2026<\/a><\/p><\/blockquote>\n<p>La temp\u00eate girondine<\/p>\n<p>La suite\u00a0? Si James inscrivait un essai en bout de ligne, autorisant tous les espoirs pour les Racingmen (15-20, 43e) et qu\u2019Habosi se voyait refuser un essai pour une faute inconsid\u00e9r\u00e9e d\u2019Escobar entra\u00eenant un carton jaune (46e), le calvaire ne faisait que commencer. Cazeaux en force (22-20, 56e), Penaud apr\u00e8s un cafouillage de Seunes (29-20, 59e), puis Woki sur un subtil renversement (34-20, 62e) ont permis d\u2019\u00e9carter toute menace. Il n\u2019y avait plus qu\u2019\u00e0 d\u00e9rouler avec autant d\u2019audace et de r\u00e9ussite, puisque Depoortere (65e et 69e) et Bielle-Biarrey (74e et 78e) ont contribu\u00e9 \u00e0 ce festival offensif et \u00e0 ce r\u00e9cital offert \u00e0 Chaban-Delmas. La rentr\u00e9e du banc de touche et une baisse significative de l\u2019aspect physique des Franciliens conjugu\u00e9s ayant \u00e9crit en partie ce sc\u00e9nario assez dingue.<\/p>\n<p>Bordeaux-B\u00e8gles a retrouv\u00e9 ses standards <strong><a href=\"https:\/\/www.rugbyrama.fr\/equipe\/racing-92\/\" target=\"_self\" rel=\"noopener\">contre le Racing 92<\/a><\/strong>. Bien d\u00e9cid\u00e9s \u00e0 pr\u00e9parer comme il se devait le retour de la Coupe d\u2019Europe d\u00e8s la semaine prochaine et de conclure cette rencontre positivement, les locaux n\u2019ont pas tergivers\u00e9 longtemps finalement. Continuit\u00e9, id\u00e9es et domination auront accompagn\u00e9 les Girondins dans leurs envies et par ce succ\u00e8s, s\u2019installent confortablement parmi le peloton des qualifi\u00e9s.<\/p>\n<p>Le Racing 92 n\u2019a pu tenir la distance. Face \u00e0 une adversit\u00e9 qui, devant son public, voulait d\u00e9montrer certaines choses, la distance s\u00e9parant les deux formations fut assez \u00e9loign\u00e9e. Dans le dur pour contrarier les envies d\u2019espaces de l\u2019UBB, en manque de pr\u00e9cision sur les quelques ballons de r\u00e9cup\u00e9ration et malgr\u00e9 50 minutes dans le vrai, les visiteurs ont fini par s\u2019\u00e9crouler fatalement. Une opportunit\u00e9 laiss\u00e9e en route alors que la sixi\u00e8me place s\u2019\u00e9loigne quelque peu.<\/p>\n<p>                    <script async src=\"https:\/\/platform.twitter.com\/widgets.js\" charset=\"utf-8\"><\/script><\/p>\n","protected":false},"excerpt":{"rendered":"Jusqu\u2019\u00e0 l\u2019heure de jeu, le Racing 92 a bien malmen\u00e9 Bordeaux-B\u00e8gles. Mais les Bordelais ont finalement r\u00e9ussi \u00e0&hellip;\n","protected":false},"author":2,"featured_media":639263,"comment_status":"","ping_status":"","sticky":false,"template":"","format":"standard","meta":{"footnotes":""},"categories":[2817],"tags":[1111,11,1997,1777,674,1011,27,12,2219,25,68796,478],"class_list":{"0":"post-639262","1":"post","2":"type-post","3":"status-publish","4":"format-standard","5":"has-post-thumbnail","7":"category-bordeaux","8":"tag-actu","9":"tag-actualites","10":"tag-bordeaux","11":"tag-eu","12":"tag-europe","13":"tag-fr","14":"tag-france","15":"tag-news","16":"tag-nouvelle-aquitaine","17":"tag-republique-francaise","18":"tag-rugby-u00e0-xv","19":"tag-top-14"},"share_on_mastodon":{"url":"https:\/\/pubeurope.com\/@fr\/115833750385103227","error":""},"_links":{"self":[{"href":"https:\/\/www.europesays.com\/fr\/wp-json\/wp\/v2\/posts\/639262","targetHints":{"allow":["GET"]}}],"collection":[{"href":"https:\/\/www.europesays.com\/fr\/wp-json\/wp\/v2\/posts"}],"about":[{"href":"https:\/\/www.europesays.com\/fr\/wp-json\/wp\/v2\/types\/post"}],"author":[{"embeddable":true,"href":"https:\/\/www.europesays.com\/fr\/wp-json\/wp\/v2\/users\/2"}],"replies":[{"embeddable":true,"href":"https:\/\/www.europesays.com\/fr\/wp-json\/wp\/v2\/comments?post=639262"}],"version-history":[{"count":0,"href":"https:\/\/www.europesays.com\/fr\/wp-json\/wp\/v2\/posts\/639262\/revisions"}],"wp:featuredmedia":[{"embeddable":true,"href":"https:\/\/www.europesays.com\/fr\/wp-json\/wp\/v2\/media\/639263"}],"wp:attachment":[{"href":"https:\/\/www.europesays.com\/fr\/wp-json\/wp\/v2\/media?parent=639262"}],"wp:term":[{"taxonomy":"category","embeddable":true,"href":"https:\/\/www.europesays.com\/fr\/wp-json\/wp\/v2\/categories?post=639262"},{"taxonomy":"post_tag","embeddable":true,"href":"https:\/\/www.europesays.com\/fr\/wp-json\/wp\/v2\/tags?post=639262"}],"curies":[{"name":"wp","href":"https:\/\/api.w.org\/{rel}","templated":true}]}}