{"id":639271,"date":"2026-01-03T23:31:10","date_gmt":"2026-01-03T23:31:10","guid":{"rendered":"https:\/\/www.europesays.com\/fr\/639271\/"},"modified":"2026-01-03T23:31:10","modified_gmt":"2026-01-03T23:31:10","slug":"un-quatrieme-patient-attendu-ce-samedi-a-lyon","status":"publish","type":"post","link":"https:\/\/www.europesays.com\/fr\/639271\/","title":{"rendered":"un quatri\u00e8me patient attendu ce samedi \u00e0 Lyon"},"content":{"rendered":"<p itemprop=\"description\"><strong>La prise en charge des victimes du drame survenu \u00e0 Crans-Montana se poursuit \u00e0 Lyon.<\/strong><\/p>\n<p>Selon nos informations, un quatri\u00e8me patient doit \u00eatre transf\u00e9r\u00e9 ce samedi 3 janvier depuis la Suisse vers le centre des grands br\u00fbl\u00e9s de l\u2019h\u00f4pital \u00c9douard Herriot (HEH). Pour rappel, trois victimes du drame survenu dans la station suisse de Crans-Montana, sont d\u00e9j\u00e0 pris en charge \u00e0 Lyon.<\/p>\n<p>Ce nouveau transfert doit s\u2019effectuer depuis la Suisse vers l\u2019\u00e9tablissement lyonnais, reconnu pour son expertise dans la prise en charge des br\u00fblures graves. En effet, les Hospices civils de Lyon disposent, au sein du pavillon d\u00e9di\u00e9 de HEH, d\u2019un centre de r\u00e9f\u00e9rence capable d\u2019accueillir des patients en provenance de l\u2019\u00e9tranger lorsque la gravit\u00e9 des blessures le n\u00e9cessite.<\/p>\n<p>Depuis les premiers jours suivant le drame, Lyon s\u2019est impos\u00e9e comme l\u2019un des points d\u2019accueil majeurs pour les victimes les plus lourdement touch\u00e9es. Les trois premiers patients transf\u00e9r\u00e9s ont \u00e9t\u00e9 pris en charge au sein de ce service hautement sp\u00e9cialis\u00e9, qui concentre des comp\u00e9tences m\u00e9dicales et chirurgicales rares en France.<\/p>\n","protected":false},"excerpt":{"rendered":"La prise en charge des victimes du drame survenu \u00e0 Crans-Montana se poursuit \u00e0 Lyon. Selon nos informations,&hellip;\n","protected":false},"author":2,"featured_media":639272,"comment_status":"","ping_status":"","sticky":false,"template":"","format":"standard","meta":{"footnotes":""},"categories":[1889],"tags":[1111,11,2813,2190,2430,1109,251,1112,2811,1777,674,118,1011,27,1922,1110,1114,2428,2810,12,241,316,25,2812,517,800],"class_list":{"0":"post-639271","1":"post","2":"type-post","3":"status-publish","4":"format-standard","5":"has-post-thumbnail","7":"category-lyon","8":"tag-actu","9":"tag-actualites","10":"tag-article","11":"tag-asvel","12":"tag-auvergne-rhone-alpes","13":"tag-breves","14":"tag-culture","15":"tag-depeches","16":"tag-economique","17":"tag-eu","18":"tag-europe","19":"tag-faits-divers","20":"tag-fr","21":"tag-france","22":"tag-info","23":"tag-informations","24":"tag-infos","25":"tag-lyon","26":"tag-lyonmag","27":"tag-news","28":"tag-ol","29":"tag-politique","30":"tag-republique-francaise","31":"tag-sociale","32":"tag-sport","33":"tag-transports"},"share_on_mastodon":{"url":"https:\/\/pubeurope.com\/@fr\/115833777892511364","error":""},"_links":{"self":[{"href":"https:\/\/www.europesays.com\/fr\/wp-json\/wp\/v2\/posts\/639271","targetHints":{"allow":["GET"]}}],"collection":[{"href":"https:\/\/www.europesays.com\/fr\/wp-json\/wp\/v2\/posts"}],"about":[{"href":"https:\/\/www.europesays.com\/fr\/wp-json\/wp\/v2\/types\/post"}],"author":[{"embeddable":true,"href":"https:\/\/www.europesays.com\/fr\/wp-json\/wp\/v2\/users\/2"}],"replies":[{"embeddable":true,"href":"https:\/\/www.europesays.com\/fr\/wp-json\/wp\/v2\/comments?post=639271"}],"version-history":[{"count":0,"href":"https:\/\/www.europesays.com\/fr\/wp-json\/wp\/v2\/posts\/639271\/revisions"}],"wp:featuredmedia":[{"embeddable":true,"href":"https:\/\/www.europesays.com\/fr\/wp-json\/wp\/v2\/media\/639272"}],"wp:attachment":[{"href":"https:\/\/www.europesays.com\/fr\/wp-json\/wp\/v2\/media?parent=639271"}],"wp:term":[{"taxonomy":"category","embeddable":true,"href":"https:\/\/www.europesays.com\/fr\/wp-json\/wp\/v2\/categories?post=639271"},{"taxonomy":"post_tag","embeddable":true,"href":"https:\/\/www.europesays.com\/fr\/wp-json\/wp\/v2\/tags?post=639271"}],"curies":[{"name":"wp","href":"https:\/\/api.w.org\/{rel}","templated":true}]}}