{"id":639275,"date":"2026-01-03T23:34:47","date_gmt":"2026-01-03T23:34:47","guid":{"rendered":"https:\/\/www.europesays.com\/fr\/639275\/"},"modified":"2026-01-03T23:34:47","modified_gmt":"2026-01-03T23:34:47","slug":"lagence-regionale-de-sante-ile-de-france-entame-le-deploiement-du-reseau-france-sante-francilien-avec-120-maisons-france-sante-labellisees-dici-au-20-decembre-2025","status":"publish","type":"post","link":"https:\/\/www.europesays.com\/fr\/639275\/","title":{"rendered":"L\u2019Agence r\u00e9gionale de sant\u00e9 \u00cele-de-France entame le d\u00e9ploiement du r\u00e9seau France Sant\u00e9 francilien avec 120 Maisons France Sant\u00e9 labellis\u00e9es d\u2019ici au 20 d\u00e9cembre 2025"},"content":{"rendered":"<p><strong>Le d\u00e9ploiement de ce label sur le territoire en partenariat avec les Pr\u00e9fets et les Conseils d\u00e9partementaux r\u00e9pond aux besoins de soins de proximit\u00e9 des Franciliennes et des Franciliens dans les territoires les moins dot\u00e9s en professionnels de sant\u00e9. Au total, pr\u00e8s de 120 Maisons France Sant\u00e9 seront labellis\u00e9es dans les prochains jours par l\u2019ARS \u00cele-de-France dans l\u2019ensemble des d\u00e9partements franciliens.<\/strong><\/p>\n<p class=\"text-align-justify\">Le r\u00e9seau France Sant\u00e9 vient renforcer l\u2019arsenal d\u00e9ploy\u00e9 par le Gouvernement pour r\u00e9pondre \u00e0 la probl\u00e9matique de l\u2019acc\u00e8s aux soins de proximit\u00e9 des Fran\u00e7ais. La cr\u00e9ation de ce r\u00e9seau national financ\u00e9 et soutenu par l\u2019\u00c9tat, via les Agences r\u00e9gionales de sant\u00e9, et l\u2019Assurance Maladie, vise \u00e0 garantir un socle commun de services de sant\u00e9 de proximit\u00e9. Les premi\u00e8res structures rejoignant ce r\u00e9seau seront prioritaires en 2026 lors de la phase de conventionnement \u00ab France sant\u00e9 \u00bb aux fins de financements p\u00e9rennes, d\u00e8s la validation du cadre conventionnel encadrant ce dispositif. Ces financements de 50\u00a0000\u20ac en moyenne permettront de renforcer les \u00e9quipes soignantes, d\u2019am\u00e9liorer l\u2019accompagnement des patients, de moderniser les \u00e9quipements ou encore de soutenir des innovations organisationnelles pour mieux coordonner les parcours notamment de patients souffrant de pathologies sp\u00e9cifiques.<\/p>\n<p>Renforcer la pr\u00e9sence de soins accessibles sur l\u2019ensemble du territoire<\/p>\n<p class=\"text-align-justify\">Inspir\u00e9 du mod\u00e8le des\u00a0<a class=\"link-ext-icon\" title=\"maisons France Service (nouvelle fen\u00eatre)\" href=\"https:\/\/www.france-services.gouv.fr\/le-reseau\" target=\"_blank\" data-xiti-name=\"maisons France Service\" data-xiti-chapitre1=\"L\u2019Agence r\u00e9gionale de sant\u00e9 \u00cele-de-France entame le d\u00e9ploiement du r\u00e9seau France Sant\u00e9 francilien avec 120 Maisons France Sant\u00e9 labellis\u00e9es  d\u2019ici au 20 d\u00e9cembre 2025\" data-xiti-type=\"exit\" rel=\"noopener\">maisons France Service<\/a>, le r\u00e9seau France Sant\u00e9 doit permettre \u00e0 chaque Fran\u00e7ais d\u2019acc\u00e9der \u00e0 une solution de sant\u00e9 et d\u2019obtenir un rendez-vous m\u00e9dical sous 48 heures si son \u00e9tat de sant\u00e9 le n\u00e9cessite. Le dispositif a \u00e9t\u00e9 lanc\u00e9 pour\u00a0<strong>r\u00e9pondre aux difficult\u00e9s d\u2019acc\u00e8s aux soins<\/strong>\u00a0en facilitant le niveau d\u2019accessibilit\u00e9 et de qualit\u00e9 des soins de proximit\u00e9 et en am\u00e9liorant la lisibilit\u00e9 de l\u2019offre de soins sur les territoires.<\/p>\n<p class=\"text-align-justify\">Le pilotage territorial est op\u00e9r\u00e9 par les Agences r\u00e9gionales de sant\u00e9 avec les pr\u00e9fets, et les Conseils d\u00e9partementaux, et les caisses primaires d\u2019assurance maladie (CPAM), pour coordonner le d\u00e9ploiement d\u2019une <strong>quinzaine de structures dans chaque d\u00e9partement d\u2019ici fin 2025<\/strong>. En 2026, 130 millions d\u2019euros seront allou\u00e9s pour construire le r\u00e9seau France Sant\u00e9, avec l\u2019objectif d\u2019atteindre 2000 structures labellis\u00e9es mi-2026.<\/p>\n<p>Rassembler et rendre plus lisible l\u2019offre de soins de proximit\u00e9<\/p>\n<p class=\"text-align-justify\">Le label, signe de rattachement au r\u00e9seau France Sant\u00e9, s\u2019applique aux lieux ou structures de soins d\u00e9j\u00e0 existantes ainsi qu\u2019\u00e0 celles qui ont vocation \u00e0 \u00eatre cr\u00e9\u00e9es dans les prochains mois, telles que\u00a0:<\/p>\n<ul>\n<li>\n<p class=\"text-align-justify\">Les maisons de sant\u00e9 pluridisciplinaires et les centres de sant\u00e9\u00a0;<\/p>\n<\/li>\n<li>\n<p class=\"text-align-justify\"><strong>Les cabinets m\u00e9dicaux regroupant plusieurs praticiens<\/strong>\u00a0;<\/p>\n<\/li>\n<li>\n<p class=\"text-align-justify\"><strong>Les \u00e9tablissements de sant\u00e9 assurant des soins primaires<\/strong>, notamment les h\u00f4pitaux de proximit\u00e9\u00a0;<\/p>\n<\/li>\n<\/ul>\n<p class=\"text-align-justify\">Bien qu\u2019en \u00cele-de-France le r\u00e9seau sera principalement constitu\u00e9 de cabinets, de centres de sant\u00e9 et de MSP d\u00e9j\u00e0 existantes, le texte permet \u00e9galement de labelliser tout lieu permettant un acc\u00e8s de proximit\u00e9 aux soins telles que les consultations solidaires d\u00e9ploy\u00e9es dans le cadre du dispositif \u00ab\u00a0Un m\u00e9decin pr\u00e8s de chez vous\u00a0\u00bb, les consultations avanc\u00e9es hospitali\u00e8res, les officines \u00e9quip\u00e9es de t\u00e9l\u00e9cabine, ainsi que les m\u00e9dibus.\u00a0<\/p>\n<p class=\"text-align-justify\">La centaine de structures franciliennes dont la liste a \u00e9t\u00e9 valid\u00e9e \u00e0 la fois par les pr\u00e9fets des d\u00e9partements concern\u00e9s et les Pr\u00e9sidents des conseils d\u00e9partementaux, r\u00e9pondent toutes \u00e0 l\u2019offre socle en sant\u00e9 n\u00e9cessaire pour \u00eatre labellis\u00e9\u00a0:<\/p>\n<p class=\"text-align-justify\">Inspir\u00e9 du mod\u00e8le des\u00a0<a class=\"link-ext-icon\" title=\"maisons France Service (nouvelle fen\u00eatre)\" href=\"https:\/\/www.france-services.gouv.fr\/le-reseau\" target=\"_blank\" data-xiti-name=\"maisons France Service\" data-xiti-chapitre1=\"L\u2019Agence r\u00e9gionale de sant\u00e9 \u00cele-de-France entame le d\u00e9ploiement du r\u00e9seau France Sant\u00e9 francilien avec 120 Maisons France Sant\u00e9 labellis\u00e9es  d\u2019ici au 20 d\u00e9cembre 2025\" data-xiti-type=\"exit\" rel=\"noopener\">maisons France Service<\/a>, le r\u00e9seau France Sant\u00e9 repose sur des crit\u00e8res simples garantissant une offre de soins accessible et coordonn\u00e9e\u202f:<\/p>\n<ul>\n<li>\n<p class=\"text-align-justify\">la pr\u00e9sence d\u2019un m\u00e9decin g\u00e9n\u00e9raliste ayant une patient\u00e8le \u00ab\u00a0m\u00e9decin traitant\u00a0\u00bb constitu\u00e9e (ou en cours de constitution en cas d\u2019installation r\u00e9cente)\u202f;<\/p>\n<\/li>\n<li>\n<p class=\"text-align-justify\">la pr\u00e9sence d\u2019un professionnel infirmier au sein de la structure ou \u00e0 proximit\u00e9\u202f;<\/p>\n<\/li>\n<li>\n<p class=\"text-align-justify\">une ouverture au public au moins cinq jours par semaine\u202f;<\/p>\n<\/li>\n<li>\n<p class=\"text-align-justify\">l\u2019application des tarifs opposables, sans d\u00e9passement d\u2019honoraires\u202f;<\/p>\n<\/li>\n<li>\n<p class=\"text-align-justify\">la capacit\u00e9 \u00e0 proposer un rendez-vous dans les 48h en cas de n\u00e9cessit\u00e9 m\u00e9dicale, \u00e0 moins de trente minutes du domicile du patient \u2013 ce qui peut inclure la participation aux dispositifs de r\u00e9gulation des soins non programm\u00e9s (SAS) ou \u00e0 la permanence des soins ambulatoires (PDSA).<\/p>\n<\/li>\n<\/ul>\n","protected":false},"excerpt":{"rendered":"Le d\u00e9ploiement de ce label sur le territoire en partenariat avec les Pr\u00e9fets et les Conseils d\u00e9partementaux r\u00e9pond&hellip;\n","protected":false},"author":2,"featured_media":4186,"comment_status":"","ping_status":"","sticky":false,"template":"","format":"standard","meta":{"footnotes":""},"categories":[1592],"tags":[1111,11,1777,674,1011,27,662,12,626,25],"class_list":{"0":"post-639275","1":"post","2":"type-post","3":"status-publish","4":"format-standard","5":"has-post-thumbnail","7":"category-ile-de-france","8":"tag-actu","9":"tag-actualites","10":"tag-eu","11":"tag-europe","12":"tag-fr","13":"tag-france","14":"tag-ile-de-france","15":"tag-news","16":"tag-paris","17":"tag-republique-francaise"},"share_on_mastodon":{"url":"https:\/\/pubeurope.com\/@fr\/115833793720723289","error":""},"_links":{"self":[{"href":"https:\/\/www.europesays.com\/fr\/wp-json\/wp\/v2\/posts\/639275","targetHints":{"allow":["GET"]}}],"collection":[{"href":"https:\/\/www.europesays.com\/fr\/wp-json\/wp\/v2\/posts"}],"about":[{"href":"https:\/\/www.europesays.com\/fr\/wp-json\/wp\/v2\/types\/post"}],"author":[{"embeddable":true,"href":"https:\/\/www.europesays.com\/fr\/wp-json\/wp\/v2\/users\/2"}],"replies":[{"embeddable":true,"href":"https:\/\/www.europesays.com\/fr\/wp-json\/wp\/v2\/comments?post=639275"}],"version-history":[{"count":0,"href":"https:\/\/www.europesays.com\/fr\/wp-json\/wp\/v2\/posts\/639275\/revisions"}],"wp:featuredmedia":[{"embeddable":true,"href":"https:\/\/www.europesays.com\/fr\/wp-json\/wp\/v2\/media\/4186"}],"wp:attachment":[{"href":"https:\/\/www.europesays.com\/fr\/wp-json\/wp\/v2\/media?parent=639275"}],"wp:term":[{"taxonomy":"category","embeddable":true,"href":"https:\/\/www.europesays.com\/fr\/wp-json\/wp\/v2\/categories?post=639275"},{"taxonomy":"post_tag","embeddable":true,"href":"https:\/\/www.europesays.com\/fr\/wp-json\/wp\/v2\/tags?post=639275"}],"curies":[{"name":"wp","href":"https:\/\/api.w.org\/{rel}","templated":true}]}}