{"id":639278,"date":"2026-01-03T23:36:14","date_gmt":"2026-01-03T23:36:14","guid":{"rendered":"https:\/\/www.europesays.com\/fr\/639278\/"},"modified":"2026-01-03T23:36:14","modified_gmt":"2026-01-03T23:36:14","slug":"%f0%9f%97%9e%ef%b8%8fnews-anciens-sergio-ramos-a-recale-le-paris-fc-foot-mercato","status":"publish","type":"post","link":"https:\/\/www.europesays.com\/fr\/639278\/","title":{"rendered":"\ud83d\uddde\ufe0f[News-Anciens] Sergio Ramos a recal\u00e9 le Paris FC (Foot Mercato)"},"content":{"rendered":"<p class=\"date\">\n\t\t\t\t\t\t\t\tPubli\u00e9 le 4 janvier 2026\t\t\t\t\t\t\t\t<\/p>\n<p>\t\t\t\t\t\t\t\t\t\t\t\t\t\t\t\t\t<img decoding=\"async\" class=\"img-responsive img-thumbnail\" src=\"https:\/\/www.europesays.com\/fr\/wp-content\/uploads\/2026\/01\/Breaking-News-2025-12-12T134438.817-1024x576.png\" alt=\"\"\/><\/p>\n<p>Selon les informations de Foot Mercato, le Paris FC a pens\u00e9 \u00e0<strong> Sergio Ramos <\/strong>pour renforcer sa d\u00e9fense cet hiverna, mais l\u2019exp\u00e9riment\u00e9 d\u00e9fenseur espagnol n\u2019a pas donn\u00e9 de suite favorable aux avances du club parisien.<\/p>\n<p>En raison de son pass\u00e9 au PSG (2021-2023) ? Absolument pas. Selon FM, c\u2019est le projet qui n\u2019a pas plus \u00e0 Sergio Ramos.<\/p>\n<p>Le champion du monde 2010 pr\u00e9f\u00e8re un projet plus ambitieux et mieux expos\u00e9 que celui du PFC, en d\u00e9pit de ses 39 ans et d\u2019un nombre limit\u00e9 de courtisans.<\/p>\n<p>L\u2019ancien du Real Madrid reste donc sur le march\u00e9, quelques mois apr\u00e8s son d\u00e9part du CF Monterry au Mexique.<\/p>\n<p class=\"content-etiquette\">\n\t\t\t\t\t\t\t\t\t<a href=\"https:\/\/www.lestitisdupsg.fr\/tag\/paris-fc\/\" rel=\"tag noopener\" target=\"_blank\">paris fc<\/a><a href=\"https:\/\/www.lestitisdupsg.fr\/tag\/sergio-ramos\/\" rel=\"tag noopener\" target=\"_blank\">sergio ramos<\/a>\t\t\t\t\t\t\t\t<\/p>\n","protected":false},"excerpt":{"rendered":"Publi\u00e9 le 4 janvier 2026 Selon les informations de Foot Mercato, le Paris FC a pens\u00e9 \u00e0 Sergio&hellip;\n","protected":false},"author":2,"featured_media":639279,"comment_status":"","ping_status":"","sticky":false,"template":"","format":"standard","meta":{"footnotes":""},"categories":[1888],"tags":[1111,1928,11,1927,1777,674,1011,27,12,1926,626,1925,25],"class_list":{"0":"post-639278","1":"post","2":"type-post","3":"status-publish","4":"format-standard","5":"has-post-thumbnail","7":"category-paris","8":"tag-actu","9":"tag-actu-paris","10":"tag-actualites","11":"tag-actualites-paris","12":"tag-eu","13":"tag-europe","14":"tag-fr","15":"tag-france","16":"tag-news","17":"tag-news-paris","18":"tag-paris","19":"tag-paris-news","20":"tag-republique-francaise"},"share_on_mastodon":{"url":"https:\/\/pubeurope.com\/@fr\/115833797668290707","error":""},"_links":{"self":[{"href":"https:\/\/www.europesays.com\/fr\/wp-json\/wp\/v2\/posts\/639278","targetHints":{"allow":["GET"]}}],"collection":[{"href":"https:\/\/www.europesays.com\/fr\/wp-json\/wp\/v2\/posts"}],"about":[{"href":"https:\/\/www.europesays.com\/fr\/wp-json\/wp\/v2\/types\/post"}],"author":[{"embeddable":true,"href":"https:\/\/www.europesays.com\/fr\/wp-json\/wp\/v2\/users\/2"}],"replies":[{"embeddable":true,"href":"https:\/\/www.europesays.com\/fr\/wp-json\/wp\/v2\/comments?post=639278"}],"version-history":[{"count":0,"href":"https:\/\/www.europesays.com\/fr\/wp-json\/wp\/v2\/posts\/639278\/revisions"}],"wp:featuredmedia":[{"embeddable":true,"href":"https:\/\/www.europesays.com\/fr\/wp-json\/wp\/v2\/media\/639279"}],"wp:attachment":[{"href":"https:\/\/www.europesays.com\/fr\/wp-json\/wp\/v2\/media?parent=639278"}],"wp:term":[{"taxonomy":"category","embeddable":true,"href":"https:\/\/www.europesays.com\/fr\/wp-json\/wp\/v2\/categories?post=639278"},{"taxonomy":"post_tag","embeddable":true,"href":"https:\/\/www.europesays.com\/fr\/wp-json\/wp\/v2\/tags?post=639278"}],"curies":[{"name":"wp","href":"https:\/\/api.w.org\/{rel}","templated":true}]}}