{"id":639282,"date":"2026-01-03T23:38:10","date_gmt":"2026-01-03T23:38:10","guid":{"rendered":"https:\/\/www.europesays.com\/fr\/639282\/"},"modified":"2026-01-03T23:38:10","modified_gmt":"2026-01-03T23:38:10","slug":"pierre-lees-melou-forfait-pour-le-derby-face-au-psg","status":"publish","type":"post","link":"https:\/\/www.europesays.com\/fr\/639282\/","title":{"rendered":"Pierre-Lees Melou forfait pour le derby face au PSG"},"content":{"rendered":"<p>En qu\u00eate de succ\u00e8s en <a href=\"https:\/\/www.footmercato.net\/france\/ligue-1\/\" target=\"_blank\" rel=\"noopener\">Ligue 1<\/a> depuis d\u00e9but novembre, le <a href=\"https:\/\/www.footmercato.net\/club\/paris-fc\/\" target=\"_blank\" rel=\"noopener\">Paris FC<\/a> s\u2019avance vers 2026 avec l\u2019envie de lancer une nouvelle dynamique. N\u00e9anmoins, la formation de St\u00e9phane Gilli va devoir relever un d\u00e9fi de taille <a href=\"https:\/\/www.footmercato.net\/live\/819696296597052099-paris-saint-germain-vs-paris-fc\" target=\"_blank\" rel=\"noopener\">sur le terrain du Paris Saint-Germain (dimanche, 20h45)<\/a>, lors du premier derby parisien depuis 1990. Pour ce choc face au voisin francilien, le PFC va devoir faire sans Ilan Kebbal, Moises Simon, Samir Chergui, Hamari Traor\u00e9 et Jean-Philippe Krasso, tous actuellement \u00e0 la CAN. Pas de bon augure avant un tel match, d\u2019autant plus qu\u2019un nouveau forfait vient de s\u2019ajouter \u00e0 cette liste.<\/p>\n<p>            La suite apr\u00e8s cette publicit\u00e9<\/p>\n<p>En effet, L\u2019\u00c9quipe rapporte ce samedi que <a href=\"https:\/\/www.footmercato.net\/joueur\/pierre-lees-melou\/\" target=\"_blank\" rel=\"noopener\">Pierre Lees-Melou<\/a> a d\u00fb \u00eatre op\u00e9r\u00e9 du tibia apr\u00e8s sa blessure contract\u00e9e \u00e0 Lille, en novembre dernier. Il sera donc absent pour le derby face au PSG et sera absent au moins un mois. Le quotidien sportif indique n\u00e9anmoins qu\u2019il s\u2019entra\u00eene \u00e0 part et que sa blessure \u00e9volue bien.<\/p>\n<p>\n    Pub. le 03\/01\/2026 23:22<br \/>\n            &#8211; MAJ le 03\/01\/2026 23:28\n    <\/p>\n","protected":false},"excerpt":{"rendered":"En qu\u00eate de succ\u00e8s en Ligue 1 depuis d\u00e9but novembre, le Paris FC s\u2019avance vers 2026 avec l\u2019envie&hellip;\n","protected":false},"author":2,"featured_media":639283,"comment_status":"","ping_status":"","sticky":false,"template":"","format":"standard","meta":{"footnotes":""},"categories":[1888],"tags":[11,1777,674,1011,27,12,626,25],"class_list":{"0":"post-639282","1":"post","2":"type-post","3":"status-publish","4":"format-standard","5":"has-post-thumbnail","7":"category-paris","8":"tag-actualites","9":"tag-eu","10":"tag-europe","11":"tag-fr","12":"tag-france","13":"tag-news","14":"tag-paris","15":"tag-republique-francaise"},"share_on_mastodon":{"url":"https:\/\/pubeurope.com\/@fr\/115833805503374024","error":""},"_links":{"self":[{"href":"https:\/\/www.europesays.com\/fr\/wp-json\/wp\/v2\/posts\/639282","targetHints":{"allow":["GET"]}}],"collection":[{"href":"https:\/\/www.europesays.com\/fr\/wp-json\/wp\/v2\/posts"}],"about":[{"href":"https:\/\/www.europesays.com\/fr\/wp-json\/wp\/v2\/types\/post"}],"author":[{"embeddable":true,"href":"https:\/\/www.europesays.com\/fr\/wp-json\/wp\/v2\/users\/2"}],"replies":[{"embeddable":true,"href":"https:\/\/www.europesays.com\/fr\/wp-json\/wp\/v2\/comments?post=639282"}],"version-history":[{"count":0,"href":"https:\/\/www.europesays.com\/fr\/wp-json\/wp\/v2\/posts\/639282\/revisions"}],"wp:featuredmedia":[{"embeddable":true,"href":"https:\/\/www.europesays.com\/fr\/wp-json\/wp\/v2\/media\/639283"}],"wp:attachment":[{"href":"https:\/\/www.europesays.com\/fr\/wp-json\/wp\/v2\/media?parent=639282"}],"wp:term":[{"taxonomy":"category","embeddable":true,"href":"https:\/\/www.europesays.com\/fr\/wp-json\/wp\/v2\/categories?post=639282"},{"taxonomy":"post_tag","embeddable":true,"href":"https:\/\/www.europesays.com\/fr\/wp-json\/wp\/v2\/tags?post=639282"}],"curies":[{"name":"wp","href":"https:\/\/api.w.org\/{rel}","templated":true}]}}