{"id":639285,"date":"2026-01-03T23:40:11","date_gmt":"2026-01-03T23:40:11","guid":{"rendered":"https:\/\/www.europesays.com\/fr\/639285\/"},"modified":"2026-01-03T23:40:11","modified_gmt":"2026-01-03T23:40:11","slug":"lukraine-et-ses-allies-europeens-discutent-de-la-suite-des-pourparlers-de-paix-a-kiev","status":"publish","type":"post","link":"https:\/\/www.europesays.com\/fr\/639285\/","title":{"rendered":"L&rsquo;Ukraine et ses alli\u00e9s europ\u00e9ens discutent de la suite des pourparlers de paix \u00e0 Kiev"},"content":{"rendered":"<p>Les alli\u00e9s europ\u00e9ens de l&rsquo;Ukraine se sont rencontr\u00e9s samedi \u00e0 Kiev pour examiner les d\u00e9tails de la derni\u00e8re mouture du plan de sortie du conflit avec la Russie. Cela en amont d&rsquo;un sommet la semaine prochaine en France des pays de la \u00ab\u00a0coalition des volontaires\u00a0\u00bb soutenant l&rsquo;Ukraine.<\/p>\n<p>Des conseillers \u00e0 la s\u00e9curit\u00e9 de quinze pays, dont la France, l&rsquo;Allemagne et le Canada, ainsi que des repr\u00e9sentants de l&rsquo;UE et de l&rsquo;Otan, se sont r\u00e9unis dans la capitale ukrainienne pour cette premi\u00e8re rencontre de l&rsquo;ann\u00e9e \u00e0 laquelle a particip\u00e9 l&rsquo;envoy\u00e9 sp\u00e9cial de Donald Trump, Steve Witkoff, \u00e0 distance.<\/p>\n<p>Cette journ\u00e9e de diplomatie est tomb\u00e9e dans l&rsquo;ombre de l&rsquo;intervention militaire surprise des Etats-Unis au Venezuela.<\/p>\n<p><strong class=\"inline-title\">&gt;&gt; Tous les d\u00e9tails dans notre suivi en direct\u00a0: <\/strong><a href=\"https:\/\/www.rts.ch\/info\/monde\/2026\/minute-par-minute\/29106393.html\" data-item-id=\"richtext_link\" target=\"_blank\" rel=\"noopener\">Les Etats-Unis \u00ab\u00a0dirigeront\u00a0\u00bb le Venezuela en attendant une transition \u00ab\u00a0s\u00fbre\u00a0\u00bb, affirme Donald Trump<\/a><\/p>\n<p>Discussions sur les garanties de s\u00e9curit\u00e9<\/p>\n<p>\u00ab\u00a0La premi\u00e8re partie de la r\u00e9union a port\u00e9 sur les documents-cadres, notamment les garanties de s\u00e9curit\u00e9 et les approches relatives au plan de paix, ainsi que sur la s\u00e9quence des prochaines \u00e9tapes conjointes\u00a0\u00bb, a d\u00e9clar\u00e9 samedi sur Telegram le n\u00e9gociateur en chef de l&rsquo;Ukraine, Roustem Oumerov, \u00e0 l&rsquo;issue de la premi\u00e8re session.<\/p>\n<p>Des responsables militaires ukrainiens et des pays alli\u00e9s doivent encore se rencontrer \u00e0 Paris avant la rencontre des dirigeants de la \u00ab\u00a0coalition des volontaires\u00a0\u00bb, a indiqu\u00e9 le pr\u00e9sident ukrainien, ajoutant qu&rsquo;il y aura aussi \u00ab\u00a0des rencontres avec l&rsquo;\u00e9quipe du pr\u00e9sident (Donald) Trump\u00a0\u00bb.<\/p>\n<p>Les efforts diplomatiques se sont intensifi\u00e9s depuis novembre pour mettre fin au conflit le plus meurtrier en Europe depuis la Seconde Guerre mondiale, sous l&rsquo;impulsion du pr\u00e9sident am\u00e9ricain, dont l&rsquo;administration a n\u00e9goci\u00e9 s\u00e9par\u00e9ment avec la Russie et l&rsquo;Ukraine.<\/p>\n<p>L&rsquo;Ukraine devra continuer \u00e0 \u00ab\u00a0se d\u00e9fendre\u00a0\u00bb<\/p>\n<p>Volodymyr Zelensky a averti qu&rsquo;en cas d&rsquo;\u00e9chec de la diplomatie, l&rsquo;Ukraine devra continuer \u00e0 se d\u00e9fendre.<\/p>\n<p>\u00ab\u00a0Si la Russie bloque tout \u00e7a, si nos partenaires ne contraignent pas la Russie \u00e0 mettre fin \u00e0 la guerre, il y aura une autre voie: nous d\u00e9fendre nous-m\u00eames\u00a0\u00bb, a encore d\u00e9clar\u00e9 Volodymyr Zelensky, qui voudrait \u00ab\u00a0voir les Etats-Unis faire davantage pression sur Moscou\u00a0\u00bb.<\/p>\n<p>Nouvelles nominations<\/p>\n<p>Par ailleurs, il a annonc\u00e9 vendredi la nomination du chef du renseignement militaire, Kyrylo Boudanov, pour diriger son cabinet, l&rsquo;un des postes les plus importants du pays.<\/p>\n<p>Il a aussi annonc\u00e9 son intention, sous r\u00e9serve de l&rsquo;approbation du Parlement ukrainien, de remplacer l&rsquo;actuel ministre de la D\u00e9fense Denys Chmygal par le ministre de la Transformation digitale, Mykha\u00eflo Fedorov, tandis que Denys Chmygal prendrait la t\u00eate du minist\u00e8re de l&rsquo;Energie.<\/p>\n<p>Volodymyr Zelensky veut ainsi \u00ab\u00a0proc\u00e9der \u00e0 un red\u00e9marrage parall\u00e8le de toutes les structures, juste au cas o\u00f9\u00a0\u00bb la Russie refuserait de mettre fin au conflit.<\/p>\n<p class=\"sources\">agences\/lan<\/p>\n","protected":false},"excerpt":{"rendered":"Les alli\u00e9s europ\u00e9ens de l&rsquo;Ukraine se sont rencontr\u00e9s samedi \u00e0 Kiev pour examiner les d\u00e9tails de la derni\u00e8re&hellip;\n","protected":false},"author":2,"featured_media":639286,"comment_status":"","ping_status":"","sticky":false,"template":"","format":"standard","meta":{"footnotes":""},"categories":[1590],"tags":[11,6646,2120,3576,312,75,1777,674,3577,11229,74,12,2403,316,33040,2543,5486,132,656,220,7137],"class_list":{"0":"post-639285","1":"post","2":"type-post","3":"status-publish","4":"format-standard","5":"has-post-thumbnail","7":"category-ukraine","8":"tag-actualites","9":"tag-coalition","10":"tag-conflit","11":"tag-conflit-arme","12":"tag-diplomatie","13":"tag-donald-trump","14":"tag-eu","15":"tag-europe","16":"tag-guerre-et-paix","17":"tag-kiev","18":"tag-monde","19":"tag-news","20":"tag-paix","21":"tag-politique","22":"tag-processus-de-paix","23":"tag-relations-internationales","24":"tag-rencontre","25":"tag-russie","26":"tag-securite","27":"tag-ukraine","28":"tag-volodymyr-zelenskyy"},"share_on_mastodon":{"url":"https:\/\/pubeurope.com\/@fr\/115833813284477341","error":""},"_links":{"self":[{"href":"https:\/\/www.europesays.com\/fr\/wp-json\/wp\/v2\/posts\/639285","targetHints":{"allow":["GET"]}}],"collection":[{"href":"https:\/\/www.europesays.com\/fr\/wp-json\/wp\/v2\/posts"}],"about":[{"href":"https:\/\/www.europesays.com\/fr\/wp-json\/wp\/v2\/types\/post"}],"author":[{"embeddable":true,"href":"https:\/\/www.europesays.com\/fr\/wp-json\/wp\/v2\/users\/2"}],"replies":[{"embeddable":true,"href":"https:\/\/www.europesays.com\/fr\/wp-json\/wp\/v2\/comments?post=639285"}],"version-history":[{"count":0,"href":"https:\/\/www.europesays.com\/fr\/wp-json\/wp\/v2\/posts\/639285\/revisions"}],"wp:featuredmedia":[{"embeddable":true,"href":"https:\/\/www.europesays.com\/fr\/wp-json\/wp\/v2\/media\/639286"}],"wp:attachment":[{"href":"https:\/\/www.europesays.com\/fr\/wp-json\/wp\/v2\/media?parent=639285"}],"wp:term":[{"taxonomy":"category","embeddable":true,"href":"https:\/\/www.europesays.com\/fr\/wp-json\/wp\/v2\/categories?post=639285"},{"taxonomy":"post_tag","embeddable":true,"href":"https:\/\/www.europesays.com\/fr\/wp-json\/wp\/v2\/tags?post=639285"}],"curies":[{"name":"wp","href":"https:\/\/api.w.org\/{rel}","templated":true}]}}